{"id":235123,"date":"2013-02-22T10:53:45","date_gmt":"2013-02-22T09:53:45","guid":{"rendered":"http:\/\/www.ivg.it\/?p=235123"},"modified":"2013-02-22T14:57:48","modified_gmt":"2013-02-22T13:57:48","slug":"patto-di-stabilita-e-tares-i-piccoli-comuni-nostre-attivita-paralizzate-situazione-insostenibile","status":"publish","type":"post","link":"https:\/\/staging.ivg.it\/2013\/02\/patto-di-stabilita-e-tares-i-piccoli-comuni-nostre-attivita-paralizzate-situazione-insostenibile\/","title":{"rendered":"Patto di Stabilit\u00e0 e Tares, i piccoli Comuni: &#8220;Nostre attivit\u00e0 paralizzate, situazione insostenibile&#8221;"},"content":{"rendered":"<p><strong>Liguria.<\/strong> Patto di Stabilit\u00e0 e Tares: due grattacapi, in particolare per i piccoli Comuni (tra i 1000 e i 5000 abitanti), che oggi si sono riuniti a Genova per l&#8217;incontro organizzato da Anci per approfondire due temi che incidono concretamente sull\u2019attivit\u00e0 quotidiana delle amministrazioni cittadine.<\/p>\n<p>L&#8217;entrata in vigore del Patto e il nuovo tributo che da quest\u2019anno sostituisce Tarsu e Tia rischiano di mettere in ginocchio la macchina comunale e l&#8217;erogazione dei servizi, in particolare nei nostri piccoli paesi.<\/p>\n<p>&#8220;E&#8217; una situazione terribile quella in cui ci troviamo &#8211; esordisce Andrea Berruti, sindaco di Cosseria &#8211; La nostra cittadina, di 1200 abitanti appena, ha lavori previsti per circa 500 mila euro e un Patto di Stabilit\u00e0 che ci ferma a 108 mila. Non sappiamo come fare. E&#8217; come dire: chiudiamo e andiamo tutti a casa. La Tares poi complica le cose perch\u00e9 andr\u00e0 a pesare sulle tasche dei cittadini in modo esponenziale: il 30% che dovremo allo Stato sar\u00e0 ancora una tassa sulla tassa per cui non sappiamo come sopravvivere. Dal nuovo governo ci aspettiamo risposte doverose&#8221;.<\/p>\n<p>&#8220;I piccoli Comuni sono alle prese con cambiamenti epocali che mettono in difficolt\u00e0 la loro stessa crescita, dall&#8217;Imu alla Tares &#8211; dice Alessandro Oddo, primo cittadino di Tovo San Giacomo &#8211; Le incombenze burocratiche e gli adempimenti finanziari mettono in ginocchio sia le amministrazioni sia i cittadini. Con il Patto abbiamo difficolt\u00e0 a pagare fornitori e le opere gi\u00e0 iniziate, e a far percepire ai cittadini che queste novit\u00e0 stanno davvero mettendo in ginocchio l&#8217;erogazione di servizi fondamentali per loro stessi&#8221;.<\/p>\n<p>&#8220;E&#8217; una battaglia che con Anci va portata avanti affinch\u00e9 si allenti il Patto ai piccoli Comuni e si permetta all&#8217;economia locale di avere un po&#8217; di ossigeno con investimenti grandi o piccoli che, oltre a garantire la crescita dei nostri paesi, permettano alle imprese artigiane di andare avanti &#8211; continua Oddo &#8211; La Tares che i Comuni devono anticipare complicher\u00e0 il bilancio familiare dei cittadini gi\u00e0 eroso dall&#8217;Imu, oltre al fatto che render\u00e0 necessario mettere insieme una serie di regolamenti e di attivit\u00e0 propedeutiche al lancio della stessa nuova tassa, attivit\u00e0 che i piccoli Comuni non riescono a fare. Le incombenze ricadono spesso solo su una persona che non riesce certamente a fare tutto il lavoro. Noi siamo una dozzina di persone, si tratta di incombenze davvero onerose&#8221;. <\/p>\n<p>&#8220;I disastri che i comuni medio grandi stanno gi\u00e0 scontando da qualche anno ora sono passati anche ai piccoli che per\u00f2 hanno le spalle meno forti per reggere una botta simile&#8221; dice il segretario dell&#8217;Anci ligure, Pierluigi Vinai.<\/p>\n<p>&#8220;Il patto di stabilit\u00e0 anche per i piccoli Comuni, che gi\u00e0 per il 2013 dovevano impegnarsi a gestire le funzioni in forma associata le funzioni, \u00e8 un disastro arrivato tra capo e collo &#8211; continua Vinai &#8211; In questo modo non potranno accedere ai mutui, n\u00e9 liquidare i residui passivi, e quindi  non pagare le imprese&#8221;. <\/p>\n<p>Poi c&#8217;\u00e8 la questione Tares, la nuova tariffa che &#8220;costringe i Comuni ad anticipare i soldi alle aziende di smaltimento perch\u00e9 solo fino a luglio non potranno esercitarne l&#8217;incasso&#8221;, cos\u00ec come previsto dal governo Monti, &#8220;lo stesso &#8211; sottolinea il segretario Anci &#8211; che oltre alla Tares ha messo il patto di stabilit\u00e0 per i piccoli Comuni&#8221;. <\/p>\n<p>La nuova tariffa, inoltre, va a colpire le superfici catastali e il consumo, che per una famiglia significa un carico ulteriore di oneri: dai precedenti 500 euro all&#8217;anno, ad esempio, si arriver\u00e0 a 1000 euro con la Tares. &#8220;Una situazione insostenibile e non per colpa dei Comuni che stanno disperatamente cercando di non gravare sui cittadini &#8211; aggiunge Vinai &#8211; La colpa \u00e8 del governo, di tutti i governi che si sono succeduti e che hanno portato a questo disastro da cui non sappiamo come uscirne&#8221;.<\/p>\n<p>A pochi giorni dall&#8217;insediamento del futuro nuovo governo, dall&#8217;Anci arriva una nota polemica, &#8220;Purtroppo in questa campagna elettorale non ho sentito alcuna attenzione concreta a questi problemi,  ma il nuovo governo dovr\u00e0 metterci mano, altrimenti salta il Paese&#8221;, avvisa Vinai. <\/p>\n<p>Prima di indire nuove manifestazioni, l&#8217;associazione dei comuni cercher\u00e0 di negoziare, ponendo ai tavoli precostituiti gli argomenti &#8220;sperando che funzionari e dirigenti ministeriali che non hanno mai brillato per apertura mentale capiscano che siamo arrivati alla fine &#8211; conclude Vinai &#8211; il sistema di base non regge pi\u00f9&#8221;.<\/p>\n","protected":false},"excerpt":{"rendered":"<p>Liguria. Patto di Stabilit\u00e0 e Tares: due grattacapi, in particolare per i piccoli Comuni (tra i 1000 e i 5000 abitanti), che oggi si sono riuniti a Genova per l&#8217;incontro organizzato da Anci per approfondire due temi che incidono concretamente sull\u2019attivit\u00e0 quotidiana delle amministrazioni cittadine. L&#8217;entrata in vigore del Patto e il nuovo tributo che [&hellip;]<\/p>\n","protected":false},"author":13744,"featured_media":0,"comment_status":"open","ping_status":"closed","sticky":false,"template":"","format":"standard","meta":{"footnotes":""},"categories":[35],"tags":[1567,85902,737,37590,324,44611,1479],"class_list":["post-235123","post","type-post","status-publish","format-standard","hentry","category-economia","tag-anci","tag-cosseria","tag-genova","tag-imu","tag-patto-di-stabilita","tag-tares","tag-tovo","post_cat_citta-andora","post_cat_citta-cosseria","post_cat_citta-tovo-san-giacomo"],"amp_validity":null,"amp_enabled":true,"_links":{"self":[{"href":"https:\/\/staging.ivg.it\/ediapi\/wp\/v2\/posts\/235123","targetHints":{"allow":["GET"]}}],"collection":[{"href":"https:\/\/staging.ivg.it\/ediapi\/wp\/v2\/posts"}],"about":[{"href":"https:\/\/staging.ivg.it\/ediapi\/wp\/v2\/types\/post"}],"author":[{"embeddable":true,"href":"https:\/\/staging.ivg.it\/ediapi\/wp\/v2\/users\/13744"}],"replies":[{"embeddable":true,"href":"https:\/\/staging.ivg.it\/ediapi\/wp\/v2\/comments?post=235123"}],"version-history":[{"count":0,"href":"https:\/\/staging.ivg.it\/ediapi\/wp\/v2\/posts\/235123\/revisions"}],"wp:attachment":[{"href":"https:\/\/staging.ivg.it\/ediapi\/wp\/v2\/media?parent=235123"}],"wp:term":[{"taxonomy":"category","embeddable":true,"href":"https:\/\/staging.ivg.it\/ediapi\/wp\/v2\/categories?post=235123"},{"taxonomy":"post_tag","embeddable":true,"href":"https:\/\/staging.ivg.it\/ediapi\/wp\/v2\/tags?post=235123"}],"curies":[{"name":"wp","href":"https:\/\/api.w.org\/{rel}","templated":true}]}}