{"id":235077,"date":"2013-02-21T16:54:21","date_gmt":"2013-02-21T15:54:21","guid":{"rendered":"http:\/\/www.ivg.it\/?p=235077"},"modified":"2015-11-10T21:34:13","modified_gmt":"2015-11-10T20:34:13","slug":"alunni-maltrattati-a-noli-maestra-dasilo-a-giudizio-in-aula-sfilano-i-primi-testimoni","status":"publish","type":"post","link":"https:\/\/staging.ivg.it\/2013\/02\/alunni-maltrattati-a-noli-maestra-dasilo-a-giudizio-in-aula-sfilano-i-primi-testimoni\/","title":{"rendered":"Alunni maltrattati a Noli, maestra d&#8217;asilo a giudizio: in aula sfilano i primi testimoni"},"content":{"rendered":"<p><strong>Noli.<\/strong> Nuova udienza questa mattina in tribunale a Savona del processo che vede a giudizio per maltrattamenti una maestra d&#8217;asilo di Noli, Rosemma Testa, che secondo l&#8217;accusa avrebbe avuto degli atteggiamenti troppo autoritari nei confronti dei piccoli alunni dell\u2019istituto. L&#8217;inchiesta aveva preso le mosse dalla denuncia di tre mamme che si erano rivolte ai carabinieri per segnalare alcuni comportamenti dell&#8217;insegnante che loro giudicavano poco ortodossi.<\/p>\n<p>L&#8217;accusa contesta infatti alla maestra di aver, in diverse occasioni, tra il 2007 e il 2010, maltrattato i bambini tirandogli i capelli e le orecchie, costringendoli a mangiare a forza e urlando. Dopo la denuncia i militari avevano anche installato nell&#8217;asilo, l&#8217;istituto &#8220;De Ferrari&#8221;, alcune microcamere audio e video per poter realizzare delle intercettazioni ambientali. Sarebbero stati proprio i filmati a confermare agli inquirenti che le accuse nei confronti di Rosemma Testa erano fondate. <\/p>\n<p>Proprio le intercettazioni ambientali sono state oggetto questa mattina di un&#8217;eccezione presentata dal difensore dell&#8217;insegnante, l&#8217;avvocato Dominique Bonagura, che ha chiesto al giudice di riconoscerne l&#8217;inutilizzabilit\u00e0. Una domanda che \u00e8 stata per\u00f2 rigettata: i filmati sono quindi stati ammessi come prove e saranno visionati in aula. Dei contenuti di quei video, sempre nell&#8217;udienza odierna, ha parlato anche il Maresciallo Roberto Milano che si \u00e8 occupato dell&#8217;indagine. Il militare ha ricordato di quando ha raccolto la denuncia delle mamme e della successiva installazione delle telecamere nell&#8217;asilo: &#8220;Dai video sono emerse delle cose interessanti dal punto di vista investigativo. Si vedono immagini nelle quali la maestra afferra per i capelli i bambini e li trascina per diversi metri prima di metterli in castigo&#8221;. Il testimone ha definito quello dell&#8217;insegnante come un &#8220;atteggiamento ostile e non professionale&#8221; che lasciava i bimbi &#8220;impietriti&#8221;. <\/p>\n<p>Il processo \u00e8 stato poi rinviato al prossimo 2 maggio quando saranno sentiti altri testimoni tra cui diversi genitori dei piccoli alunni dell&#8217;asilo. La difesa ha gi\u00e0 promesso battaglia: secondo quanto trapelato sarebbero molti infatti anche i genitori che smentiscono che la maestra Rosemma Testa avesse degli atteggiamenti autoritari nei confronti dei bimbi. Indicazioni pi\u00f9 precise sull&#8217;atteggiamento della donna potranno arrivare sicuramente dalla visione dei filmati delle intercettazioni.  <\/p>\n","protected":false},"excerpt":{"rendered":"<p>Noli. Nuova udienza questa mattina in tribunale a Savona del processo che vede a giudizio per maltrattamenti una maestra d&#8217;asilo di Noli, Rosemma Testa, che secondo l&#8217;accusa avrebbe avuto degli atteggiamenti troppo autoritari nei confronti dei piccoli alunni dell\u2019istituto. L&#8217;inchiesta aveva preso le mosse dalla denuncia di tre mamme che si erano rivolte ai carabinieri [&hellip;]<\/p>\n","protected":false},"author":2394,"featured_media":0,"comment_status":"open","ping_status":"closed","sticky":false,"template":"","format":"standard","meta":{"footnotes":""},"categories":[34],"tags":[643,10209,2641,85925,1981],"class_list":["post-235077","post","type-post","status-publish","format-standard","hentry","category-cronaca","tag-asilo","tag-maestre","tag-maltrattamenti","tag-noli","tag-processo","post_cat_citta-noli","post_tag_personaggi-rosemma-testa"],"amp_validity":null,"amp_enabled":true,"_links":{"self":[{"href":"https:\/\/staging.ivg.it\/ediapi\/wp\/v2\/posts\/235077","targetHints":{"allow":["GET"]}}],"collection":[{"href":"https:\/\/staging.ivg.it\/ediapi\/wp\/v2\/posts"}],"about":[{"href":"https:\/\/staging.ivg.it\/ediapi\/wp\/v2\/types\/post"}],"author":[{"embeddable":true,"href":"https:\/\/staging.ivg.it\/ediapi\/wp\/v2\/users\/2394"}],"replies":[{"embeddable":true,"href":"https:\/\/staging.ivg.it\/ediapi\/wp\/v2\/comments?post=235077"}],"version-history":[{"count":0,"href":"https:\/\/staging.ivg.it\/ediapi\/wp\/v2\/posts\/235077\/revisions"}],"wp:attachment":[{"href":"https:\/\/staging.ivg.it\/ediapi\/wp\/v2\/media?parent=235077"}],"wp:term":[{"taxonomy":"category","embeddable":true,"href":"https:\/\/staging.ivg.it\/ediapi\/wp\/v2\/categories?post=235077"},{"taxonomy":"post_tag","embeddable":true,"href":"https:\/\/staging.ivg.it\/ediapi\/wp\/v2\/tags?post=235077"}],"curies":[{"name":"wp","href":"https:\/\/api.w.org\/{rel}","templated":true}]}}