{"id":234922,"date":"2013-02-20T09:48:11","date_gmt":"2013-02-20T08:48:11","guid":{"rendered":"http:\/\/www.ivg.it\/?p=234922"},"modified":"2013-02-20T17:41:27","modified_gmt":"2013-02-20T16:41:27","slug":"pietra-cerca-di-cacciare-un-colombo-ma-finisce-contro-unauto-poiana-ferita-soccorsa-dallenpa","status":"publish","type":"post","link":"https:\/\/staging.ivg.it\/2013\/02\/pietra-cerca-di-cacciare-un-colombo-ma-finisce-contro-unauto-poiana-ferita-soccorsa-dallenpa\/","title":{"rendered":"Pietra, cerca di cacciare un colombo ma finisce contro un&#8217;auto: poiana ferita soccorsa dall&#8217;Enpa"},"content":{"rendered":"<p><strong>Pietra L<\/strong>. La giornata fortunata di un colombo di Pietra Ligure \u00e8 diventata quella sfortunata di una poiana. Il rapace stava infatti per attaccare l&#8217;altro volatile quando il piccione, con un repentino cambio di direzione, ha confuso il primo che ha finito per essere urtato da un&#8217;auto. Alla scena hanno assistito alcuni passanti che hanno allertato i volontari della Protezione Animali savonese che hanno trasferito l&#8217;animale in un ambulatorio veterinario genovese specializzato in fauna selvatica.<\/p>\n<p>Ammaccata ma senza fratture, la poiana \u00e8 ora in convalescenza presso il reparto di cura della sede Enpa di Savona. Appena guarita verr\u00e0 rimesso in libert\u00e0 nella zona di provenienza.<\/p>\n","protected":false},"excerpt":{"rendered":"<p>Pietra L. La giornata fortunata di un colombo di Pietra Ligure \u00e8 diventata quella sfortunata di una poiana. Il rapace stava infatti per attaccare l&#8217;altro volatile quando il piccione, con un repentino cambio di direzione, ha confuso il primo che ha finito per essere urtato da un&#8217;auto. Alla scena hanno assistito alcuni passanti che hanno [&hellip;]<\/p>\n","protected":false},"author":13744,"featured_media":0,"comment_status":"open","ping_status":"closed","sticky":false,"template":"","format":"standard","meta":{"footnotes":""},"categories":[56],"tags":[318,436,670,19621],"class_list":["post-234922","post","type-post","status-publish","format-standard","hentry","category-altre","tag-colombo","tag-enpa","tag-pietra","tag-poiana","post_cat_citta-pietra-ligure"],"amp_validity":null,"amp_enabled":true,"_links":{"self":[{"href":"https:\/\/staging.ivg.it\/ediapi\/wp\/v2\/posts\/234922","targetHints":{"allow":["GET"]}}],"collection":[{"href":"https:\/\/staging.ivg.it\/ediapi\/wp\/v2\/posts"}],"about":[{"href":"https:\/\/staging.ivg.it\/ediapi\/wp\/v2\/types\/post"}],"author":[{"embeddable":true,"href":"https:\/\/staging.ivg.it\/ediapi\/wp\/v2\/users\/13744"}],"replies":[{"embeddable":true,"href":"https:\/\/staging.ivg.it\/ediapi\/wp\/v2\/comments?post=234922"}],"version-history":[{"count":0,"href":"https:\/\/staging.ivg.it\/ediapi\/wp\/v2\/posts\/234922\/revisions"}],"wp:attachment":[{"href":"https:\/\/staging.ivg.it\/ediapi\/wp\/v2\/media?parent=234922"}],"wp:term":[{"taxonomy":"category","embeddable":true,"href":"https:\/\/staging.ivg.it\/ediapi\/wp\/v2\/categories?post=234922"},{"taxonomy":"post_tag","embeddable":true,"href":"https:\/\/staging.ivg.it\/ediapi\/wp\/v2\/tags?post=234922"}],"curies":[{"name":"wp","href":"https:\/\/api.w.org\/{rel}","templated":true}]}}