{"id":234785,"date":"2013-02-18T13:35:40","date_gmt":"2013-02-18T12:35:40","guid":{"rendered":"http:\/\/www.ivg.it\/?p=234785"},"modified":"2013-02-18T13:35:40","modified_gmt":"2013-02-18T12:35:40","slug":"ortovero-iniziata-la-riasfaltatura-del-centro-abitato","status":"publish","type":"post","link":"https:\/\/staging.ivg.it\/2013\/02\/ortovero-iniziata-la-riasfaltatura-del-centro-abitato\/","title":{"rendered":"Ortovero, iniziata la riasfaltatura del centro abitato"},"content":{"rendered":"<p><strong>Ortovero<\/strong>. Sono iniziate questa mattina le opere relative al rifacimento di alcuni tratti di pavimentazione stradale all&#8217;interno del centro abitato del Comune di Ortovero.<\/p>\n<p>&#8220;L&#8217;intervento provinciale dell&#8217;amministrazione Vaccarezza &#8211; dichiara l&#8217;assessore alla viabilit\u00e0 Roberto Schneck &#8211; \u00e8 stato concordato con lo stesso Comune ed \u00e8 anche finalizzato alla risoluzione di un problema comunale che da diversi anni interessa questa parte di strada, provocato da un cedimento della sottostante tubazione della fogna, opera realizzata dal Comune agli inizi del 2000&#8221;.<\/p>\n<p>L&#8217;ammontare delle operazioni \u00e8 di euro 33.157.00, cifra che consentir\u00e0 di realizzare una nuova bitumatura di circa 430 ml da spalmarsi all&#8217;interno delle zone che risultano maggiormente danneggiate. Tra le operazioni previste la scarifica della pavimentazione deteriorata e ceduta e successiva ricarica effettuata con strato di bynder a cui seguir\u00e0 il completamento dalla stesura del tappeto di usura finale.<\/p>\n<p>La durata dei lavori \u00e8 stimata in cinque giorni con ultimazione stabilita venerd\u00ec prossimo.<\/p>\n","protected":false},"excerpt":{"rendered":"<p>Ortovero. Sono iniziate questa mattina le opere relative al rifacimento di alcuni tratti di pavimentazione stradale all&#8217;interno del centro abitato del Comune di Ortovero. &#8220;L&#8217;intervento provinciale dell&#8217;amministrazione Vaccarezza &#8211; dichiara l&#8217;assessore alla viabilit\u00e0 Roberto Schneck &#8211; \u00e8 stato concordato con lo stesso Comune ed \u00e8 anche finalizzato alla risoluzione di un problema comunale che da [&hellip;]<\/p>\n","protected":false},"author":13744,"featured_media":0,"comment_status":"open","ping_status":"closed","sticky":false,"template":"","format":"standard","meta":{"footnotes":""},"categories":[],"tags":[4450,85933,3039],"class_list":["post-234785","post","type-post","status-publish","format-standard","hentry","tag-asfalto","tag-ortovero","tag-roberto-schneck","post_cat_citta-andora","post_cat_citta-ortovero"],"amp_validity":null,"amp_enabled":true,"_links":{"self":[{"href":"https:\/\/staging.ivg.it\/ediapi\/wp\/v2\/posts\/234785","targetHints":{"allow":["GET"]}}],"collection":[{"href":"https:\/\/staging.ivg.it\/ediapi\/wp\/v2\/posts"}],"about":[{"href":"https:\/\/staging.ivg.it\/ediapi\/wp\/v2\/types\/post"}],"author":[{"embeddable":true,"href":"https:\/\/staging.ivg.it\/ediapi\/wp\/v2\/users\/13744"}],"replies":[{"embeddable":true,"href":"https:\/\/staging.ivg.it\/ediapi\/wp\/v2\/comments?post=234785"}],"version-history":[{"count":0,"href":"https:\/\/staging.ivg.it\/ediapi\/wp\/v2\/posts\/234785\/revisions"}],"wp:attachment":[{"href":"https:\/\/staging.ivg.it\/ediapi\/wp\/v2\/media?parent=234785"}],"wp:term":[{"taxonomy":"category","embeddable":true,"href":"https:\/\/staging.ivg.it\/ediapi\/wp\/v2\/categories?post=234785"},{"taxonomy":"post_tag","embeddable":true,"href":"https:\/\/staging.ivg.it\/ediapi\/wp\/v2\/tags?post=234785"}],"curies":[{"name":"wp","href":"https:\/\/api.w.org\/{rel}","templated":true}]}}