{"id":234752,"date":"2013-02-18T09:16:33","date_gmt":"2013-02-18T08:16:33","guid":{"rendered":"http:\/\/www.ivg.it\/?p=234752"},"modified":"2013-02-18T12:27:28","modified_gmt":"2013-02-18T11:27:28","slug":"movimento-5-stelle-dopo-piazza-sisto-i-savonesi-si-preparano-per-piazza-san-giovanni","status":"publish","type":"post","link":"https:\/\/staging.ivg.it\/2013\/02\/movimento-5-stelle-dopo-piazza-sisto-i-savonesi-si-preparano-per-piazza-san-giovanni\/","title":{"rendered":"Movimento 5 Stelle: dopo piazza Sisto i savonesi si preparano per piazza San Giovanni"},"content":{"rendered":"<p><strong>Savona<\/strong>. Dopo lo &#8220;tsunami&#8221; di Beppe Grillo in piazza Sisto IV, i savonesi guardano gi\u00e0 all&#8217;altro grande appuntamento del Movimento 5 Stelle: la chiusura della campagna elettorale in piazza San Giovanni a Roma. &#8220;Con l\u2019evento &#8216;Sar\u00e0 Un Piacere Day&#8217; il Movimento entrer\u00e0 nella storia d\u2019Italia affollando la pi\u00f9 grande e significativa piazza romana&#8221; assicurano volontari e militanti.<\/p>\n<p>Nella citt\u00e0 della Torretta e nelle altre localit\u00e0 savonesi fervono i preparativi per organizzare i bus che raggiungeranno la capitale venerd\u00ec prossimo, 22 febbraio. Si prevede un maxi bagno di folla per l&#8217;ultima manifestazione prima del voto e Savona, alla pari delle altre citt\u00e0 italiane, ieri ha risposto con calore e in massa (circa 15 mila persone), raccogliendo ora le adesioni, in via di moltiplicazione, per piazza San Giovanni.<\/p>\n<p>&#8220;Con Beppe Grillo si alterneranno sul palco tanti amministratori a 5 Stelle e candidati portavoce da tutta Italia, il tutto accompagnato da ottima musica &#8211; sottolineano dal M5S &#8211; Il giorno del giudizio per la vecchia politica sta arrivando. Il costo del bus sar\u00e0 compreso tra i 40 e i 50 euro per andata e ritorno. Andiamo tutti a Roma. Ci vediamo in Parlamento, sar\u00e0 un piacere&#8230;&#8221;.<\/p>\n","protected":false},"excerpt":{"rendered":"<p>Savona. Dopo lo &#8220;tsunami&#8221; di Beppe Grillo in piazza Sisto IV, i savonesi guardano gi\u00e0 all&#8217;altro grande appuntamento del Movimento 5 Stelle: la chiusura della campagna elettorale in piazza San Giovanni a Roma. &#8220;Con l\u2019evento &#8216;Sar\u00e0 Un Piacere Day&#8217; il Movimento entrer\u00e0 nella storia d\u2019Italia affollando la pi\u00f9 grande e significativa piazza romana&#8221; assicurano volontari [&hellip;]<\/p>\n","protected":false},"author":13744,"featured_media":0,"comment_status":"open","ping_status":"closed","sticky":false,"template":"","format":"standard","meta":{"footnotes":""},"categories":[31],"tags":[9683,218,29875,85850],"class_list":["post-234752","post","type-post","status-publish","format-standard","hentry","category-politica","tag-beppe-grillo","tag-elezioni","tag-movimento-5-stelle","tag-savona","post_cat_citta-andora","post_cat_citta-savona"],"amp_validity":null,"amp_enabled":true,"_links":{"self":[{"href":"https:\/\/staging.ivg.it\/ediapi\/wp\/v2\/posts\/234752","targetHints":{"allow":["GET"]}}],"collection":[{"href":"https:\/\/staging.ivg.it\/ediapi\/wp\/v2\/posts"}],"about":[{"href":"https:\/\/staging.ivg.it\/ediapi\/wp\/v2\/types\/post"}],"author":[{"embeddable":true,"href":"https:\/\/staging.ivg.it\/ediapi\/wp\/v2\/users\/13744"}],"replies":[{"embeddable":true,"href":"https:\/\/staging.ivg.it\/ediapi\/wp\/v2\/comments?post=234752"}],"version-history":[{"count":0,"href":"https:\/\/staging.ivg.it\/ediapi\/wp\/v2\/posts\/234752\/revisions"}],"wp:attachment":[{"href":"https:\/\/staging.ivg.it\/ediapi\/wp\/v2\/media?parent=234752"}],"wp:term":[{"taxonomy":"category","embeddable":true,"href":"https:\/\/staging.ivg.it\/ediapi\/wp\/v2\/categories?post=234752"},{"taxonomy":"post_tag","embeddable":true,"href":"https:\/\/staging.ivg.it\/ediapi\/wp\/v2\/tags?post=234752"}],"curies":[{"name":"wp","href":"https:\/\/api.w.org\/{rel}","templated":true}]}}