{"id":234548,"date":"2013-02-14T08:41:02","date_gmt":"2013-02-14T07:41:02","guid":{"rendered":"http:\/\/www.ivg.it\/?p=234548"},"modified":"2013-02-14T08:41:02","modified_gmt":"2013-02-14T07:41:02","slug":"le-donne-da-mare-contro-la-violenza","status":"publish","type":"post","link":"https:\/\/staging.ivg.it\/2013\/02\/le-donne-da-mare-contro-la-violenza\/","title":{"rendered":"Le &#8220;Donne d&#8217;A-mare&#8221; contro la violenza"},"content":{"rendered":"<p>Le &#8220;Donne d&#8217;A-Mare&#8221; ballano tutte per One Billion Rising, ognuna nella propria citt\u00e0, ognuna con la maglia da salvataggio, perch\u00e9 chi partecipa dovr\u00e0 indossare qualcosa di rosso e di nero.<\/p>\n<p>Dalla Toscana, alla Liguria, al Lazio, all&#8217;Emilia Romagna le Donnedamare scendono in piazza per ballare contro la violenza sulle donne e urlare &#8220;Break the chain&#8221; perch\u00e9 solo in Italia nel 2012 \u00e8 stata uccisa una donna ogni 2 giorni, vittime di uomini che confondono l&#8217;amore con il possesso ed \u00e8 ora di dire basta e di raccogliere l&#8217;invito delle associazioni che hanno organizzato l&#8217;evento.<\/p>\n<p>A Savona si ritroveranno in Piazza Sisto, a Genova in P.zza De Ferrari, a Livorno in P.zza Attias, a Roma in Piazza di Spagna&#8230; queste alcune delle piazze dove ci saranno le donnedamare italiane, unite con le donne di tutto il mondo.<\/p>\n","protected":false},"excerpt":{"rendered":"<p>Le &#8220;Donne d&#8217;A-Mare&#8221; ballano tutte per One Billion Rising, ognuna nella propria citt\u00e0, ognuna con la maglia da salvataggio, perch\u00e9 chi partecipa dovr\u00e0 indossare qualcosa di rosso e di nero. Dalla Toscana, alla Liguria, al Lazio, all&#8217;Emilia Romagna le Donnedamare scendono in piazza per ballare contro la violenza sulle donne e urlare &#8220;Break the chain&#8221; [&hellip;]<\/p>\n","protected":false},"author":13744,"featured_media":0,"comment_status":"open","ping_status":"closed","sticky":false,"template":"","format":"standard","meta":{"footnotes":""},"categories":[119],"tags":[],"class_list":["post-234548","post","type-post","status-publish","format-standard","hentry","category-fotonotizia"],"amp_validity":null,"amp_enabled":true,"_links":{"self":[{"href":"https:\/\/staging.ivg.it\/ediapi\/wp\/v2\/posts\/234548","targetHints":{"allow":["GET"]}}],"collection":[{"href":"https:\/\/staging.ivg.it\/ediapi\/wp\/v2\/posts"}],"about":[{"href":"https:\/\/staging.ivg.it\/ediapi\/wp\/v2\/types\/post"}],"author":[{"embeddable":true,"href":"https:\/\/staging.ivg.it\/ediapi\/wp\/v2\/users\/13744"}],"replies":[{"embeddable":true,"href":"https:\/\/staging.ivg.it\/ediapi\/wp\/v2\/comments?post=234548"}],"version-history":[{"count":0,"href":"https:\/\/staging.ivg.it\/ediapi\/wp\/v2\/posts\/234548\/revisions"}],"wp:attachment":[{"href":"https:\/\/staging.ivg.it\/ediapi\/wp\/v2\/media?parent=234548"}],"wp:term":[{"taxonomy":"category","embeddable":true,"href":"https:\/\/staging.ivg.it\/ediapi\/wp\/v2\/categories?post=234548"},{"taxonomy":"post_tag","embeddable":true,"href":"https:\/\/staging.ivg.it\/ediapi\/wp\/v2\/tags?post=234548"}],"curies":[{"name":"wp","href":"https:\/\/api.w.org\/{rel}","templated":true}]}}