{"id":234547,"date":"2013-02-14T08:25:27","date_gmt":"2013-02-14T07:25:27","guid":{"rendered":"http:\/\/www.ivg.it\/?p=234547"},"modified":"2013-02-14T14:28:01","modified_gmt":"2013-02-14T13:28:01","slug":"festival-di-sanremo-annalisa-scarrone-fa-scintille","status":"publish","type":"post","link":"https:\/\/staging.ivg.it\/2013\/02\/festival-di-sanremo-annalisa-scarrone-fa-scintille\/","title":{"rendered":"Festival di Sanremo, Annalisa Scarrone fa&#8230; &#8220;Scintille&#8221;"},"content":{"rendered":"<p><strong>Sanremo<\/strong>. Sono quasi le 23 quando Annalisa Scarrone sale sul palco dell&#8217;Ariston. Insieme a lei, anche se a distanza, c&#8217;\u00e8 Carcare (di cui \u00e8 originaria) e tutta la Val Bormida.<\/p>\n<p>Di beige vestita e con i capelli rossi raccolti da un lato, si appresta a cantare le due canzoni tra le quali dovr\u00e0 scegliere il pubblico e la sala stampa: &#8220;Scintille&#8221; e &#8220;Non so ballare&#8221;. A vincere sar\u00e0 la prima, e a fare la proclamazione sar\u00e0 un affascinante Carlo Cracco, chef noto anche al pubblico televisivo e che la Littizzetto pare apprezzare come gran parte del pubblico femminile. <\/p>\n<p>Dopo l&#8217;esibizione della rossa di Carcare si scatenano i commenti sui social network. &#8220;Che grinta&#8221; scrive un ammiratore, &#8220;e molto sexy&#8221; aggiunge un altro facendo riferimento al suo look che lascia scoperte le lunghe gambe.<\/p>\n<p>Fortissima l&#8217;emozione dei genitori di Annalisa che, dalla Val Bormida, hanno seguito con orgoglio le esibizioni della figlia. La speranza \u00e8 che la cantante possa seguire le orme di altri talenti usciti dal programma &#8220;Amici&#8221; di Maria De Filippi e che, come Emma Marrone, si sono imposti anche sul palco sanremese.<\/p>\n<p>Una piccola critica al look della carcarese arriva per\u00f2 dalla Accademia italiana del Galateo: &#8220;Short ad una serata di gala? Forse non le hanno ricordato che non era il pomeridiano di &#8216;Amici&#8217; di Maria de Filippi. Abito scortese, indossato senza eleganza e grazia&#8221;. Della serie: non si pu\u00f2 piacere a tutti.<\/p>\n","protected":false},"excerpt":{"rendered":"<p>Sanremo. Sono quasi le 23 quando Annalisa Scarrone sale sul palco dell&#8217;Ariston. Insieme a lei, anche se a distanza, c&#8217;\u00e8 Carcare (di cui \u00e8 originaria) e tutta la Val Bormida. Di beige vestita e con i capelli rossi raccolti da un lato, si appresta a cantare le due canzoni tra le quali dovr\u00e0 scegliere il [&hellip;]<\/p>\n","protected":false},"author":13744,"featured_media":0,"comment_status":"open","ping_status":"closed","sticky":false,"template":"","format":"standard","meta":{"footnotes":""},"categories":[],"tags":[27621,85852,18872],"class_list":["post-234547","post","type-post","status-publish","format-standard","hentry","tag-annalisa-scarrone","tag-carcare","tag-festival-di-sanremo","post_cat_citta-andora","post_cat_citta-carcare"],"amp_validity":null,"amp_enabled":true,"_links":{"self":[{"href":"https:\/\/staging.ivg.it\/ediapi\/wp\/v2\/posts\/234547","targetHints":{"allow":["GET"]}}],"collection":[{"href":"https:\/\/staging.ivg.it\/ediapi\/wp\/v2\/posts"}],"about":[{"href":"https:\/\/staging.ivg.it\/ediapi\/wp\/v2\/types\/post"}],"author":[{"embeddable":true,"href":"https:\/\/staging.ivg.it\/ediapi\/wp\/v2\/users\/13744"}],"replies":[{"embeddable":true,"href":"https:\/\/staging.ivg.it\/ediapi\/wp\/v2\/comments?post=234547"}],"version-history":[{"count":0,"href":"https:\/\/staging.ivg.it\/ediapi\/wp\/v2\/posts\/234547\/revisions"}],"wp:attachment":[{"href":"https:\/\/staging.ivg.it\/ediapi\/wp\/v2\/media?parent=234547"}],"wp:term":[{"taxonomy":"category","embeddable":true,"href":"https:\/\/staging.ivg.it\/ediapi\/wp\/v2\/categories?post=234547"},{"taxonomy":"post_tag","embeddable":true,"href":"https:\/\/staging.ivg.it\/ediapi\/wp\/v2\/tags?post=234547"}],"curies":[{"name":"wp","href":"https:\/\/api.w.org\/{rel}","templated":true}]}}