{"id":234333,"date":"2013-02-09T18:37:59","date_gmt":"2013-02-09T17:37:59","guid":{"rendered":"http:\/\/www.ivg.it\/?p=234333"},"modified":"2013-02-10T12:38:00","modified_gmt":"2013-02-10T11:38:00","slug":"maltempo-la-protezione-civile-prepararsi-per-le-forti-nevicate","status":"publish","type":"post","link":"https:\/\/staging.ivg.it\/2013\/02\/maltempo-la-protezione-civile-prepararsi-per-le-forti-nevicate\/","title":{"rendered":"Maltempo, la Protezione Civile: &#8220;Prepararsi per le forti nevicate&#8221;"},"content":{"rendered":"<p><strong>Regione<\/strong>. In queste ore l&#8217;Italia \u00e8 interessata dall&#8217;arrivo di aria fredda dal Nord Europa che determina un generale calo delle temperature, specie sulle regioni settentrionali e centrali adriatiche. L&#8217;avviso della Protezione Civile \u00e8 sulla neve: da domani sera una nuova perturbazione, proveniente dalla Francia, determiner\u00e0 un peggioramento delle condizioni meteorologiche; in particolare luned\u00ec ci saranno nevicate diffuse e persistenti su tutte le regioni settentrionali e sull&#8217;alta Toscana, anche a quote di pianura, con accumuli al suolo significativi. <\/p>\n<p>Nel corso della mattinata nubi e precipitazioni si estenderanno anche alle regioni centrali e alla Sardegna, con le nevicate che saranno possibili sopra le quote collinari. Marted\u00ec le precipitazioni, che tenderanno a spostarsi verso est, inizieranno ad attenuarsi; inoltre, grazie ai venti meridionali che determineranno un graduale aumento delle temperature, ci sar\u00e0 un successivo innalzamento della quota neve specie sulle regioni adriatiche settentrionali e sulla Toscana. <\/p>\n<p>&#8220;Vista l&#8217;ampia estensione territoriale dei fenomeni previsti e le conseguenti criticit\u00e0 che potrebbero determinarsi, il Dipartimento ha gi\u00e0 autorizzato l&#8217;attivazione preventiva delle organizzazioni di volontariato di protezione civile allo scopo di supportare le misure operative, anche di natura preventiva, che saranno adottate a livello locale per ridurre gli eventuali disagi alla popolazione, nonch\u00e9 per garantire le necessarie attivit\u00e0 di assistenza in caso di emergenza&#8221; fanno sapere dalla Protezione Civile.<\/p>\n<p>Su tutto il territorio regionale ligure vige il preallerta neve per l&#8217;intera giornata di luned\u00ec prossimo. La neve potrebbe arrivare gi\u00e0 domenica sera a ponente e al centro, ma le precipitazioni saranno deboli e al di sopra dei 300-400 metri. Le nevicate forti sono attese per luned\u00ec, quando i fiocchi potrebbero raggiungere anche la costa da ponente al golfo di Genova. <\/p>\n","protected":false},"excerpt":{"rendered":"<p>Regione. In queste ore l&#8217;Italia \u00e8 interessata dall&#8217;arrivo di aria fredda dal Nord Europa che determina un generale calo delle temperature, specie sulle regioni settentrionali e centrali adriatiche. L&#8217;avviso della Protezione Civile \u00e8 sulla neve: da domani sera una nuova perturbazione, proveniente dalla Francia, determiner\u00e0 un peggioramento delle condizioni meteorologiche; in particolare luned\u00ec ci saranno [&hellip;]<\/p>\n","protected":false},"author":13744,"featured_media":0,"comment_status":"open","ping_status":"closed","sticky":false,"template":"","format":"standard","meta":{"footnotes":""},"categories":[34],"tags":[651,598,677],"class_list":["post-234333","post","type-post","status-publish","format-standard","hentry","category-cronaca","tag-maltempo","tag-neve","tag-protezione-civile","post_cat_citta-andora","post_cat_citta-savona"],"amp_validity":null,"amp_enabled":true,"_links":{"self":[{"href":"https:\/\/staging.ivg.it\/ediapi\/wp\/v2\/posts\/234333","targetHints":{"allow":["GET"]}}],"collection":[{"href":"https:\/\/staging.ivg.it\/ediapi\/wp\/v2\/posts"}],"about":[{"href":"https:\/\/staging.ivg.it\/ediapi\/wp\/v2\/types\/post"}],"author":[{"embeddable":true,"href":"https:\/\/staging.ivg.it\/ediapi\/wp\/v2\/users\/13744"}],"replies":[{"embeddable":true,"href":"https:\/\/staging.ivg.it\/ediapi\/wp\/v2\/comments?post=234333"}],"version-history":[{"count":0,"href":"https:\/\/staging.ivg.it\/ediapi\/wp\/v2\/posts\/234333\/revisions"}],"wp:attachment":[{"href":"https:\/\/staging.ivg.it\/ediapi\/wp\/v2\/media?parent=234333"}],"wp:term":[{"taxonomy":"category","embeddable":true,"href":"https:\/\/staging.ivg.it\/ediapi\/wp\/v2\/categories?post=234333"},{"taxonomy":"post_tag","embeddable":true,"href":"https:\/\/staging.ivg.it\/ediapi\/wp\/v2\/tags?post=234333"}],"curies":[{"name":"wp","href":"https:\/\/api.w.org\/{rel}","templated":true}]}}