{"id":234187,"date":"2013-02-07T15:33:43","date_gmt":"2013-02-07T14:33:43","guid":{"rendered":"http:\/\/www.ivg.it\/?p=234187"},"modified":"2013-02-07T15:33:43","modified_gmt":"2013-02-07T14:33:43","slug":"savona-un-ballo-globale-per-dire-no-alla-violenza-sule-donne","status":"publish","type":"post","link":"https:\/\/staging.ivg.it\/2013\/02\/savona-un-ballo-globale-per-dire-no-alla-violenza-sule-donne\/","title":{"rendered":"Savona, un ballo &#8220;globale&#8221; per dire no alla violenza sule donne"},"content":{"rendered":"<p><strong>Savona<\/strong>. Tutti a ballare in piazza per dire no ad ogni forma di violenza contro le donne di tutto il mondo. E&#8217; l&#8217;iniziativa prevista per il prossimo 14 febbraio alle 16,30 in piazza Sisto IV a Savona e che \u00e8 il risultato dell&#8217;adesione alla campagna lanciata da Eve Ensler dagli Stati Uniti.<\/p>\n<p>Questa campagna (One billion rising) \u00e8 l\u2019invito a uomini e donne di ogni Paese a fermare, con mezzi non violenti quello che accade in tutto il mondo. E&#8217; una campagna per dire basta alle formedi violenza che cambiano le vite di pi\u00f9 di un miliardo di donne, ragazze e bambine.<\/p>\n<p>&#8220;Facciamo vibrare il pianeta all\u2019unisono con la nostra danza. Ci uniremo perch\u00e9 nessuno possa volgere il capo altrove. E\u2019 un appello globale all&#8217;azione. Ognuno potr\u00e0 dire la sua e manifestare perch\u00e9 la violenza contro le donne si fermi per sempre&#8221; \u00e8 l&#8217;invito dell&#8217;Unione Donbne in Italia &#8211; sezione di Savona.<\/p>\n","protected":false},"excerpt":{"rendered":"<p>Savona. Tutti a ballare in piazza per dire no ad ogni forma di violenza contro le donne di tutto il mondo. E&#8217; l&#8217;iniziativa prevista per il prossimo 14 febbraio alle 16,30 in piazza Sisto IV a Savona e che \u00e8 il risultato dell&#8217;adesione alla campagna lanciata da Eve Ensler dagli Stati Uniti. Questa campagna (One [&hellip;]<\/p>\n","protected":false},"author":13744,"featured_media":0,"comment_status":"open","ping_status":"closed","sticky":false,"template":"","format":"standard","meta":{"footnotes":""},"categories":[],"tags":[24213,85850,3046],"class_list":["post-234187","post","type-post","status-publish","format-standard","hentry","tag-flash-mob","tag-savona","tag-violenza-sulle-donne","post_cat_citta-savona"],"amp_validity":null,"amp_enabled":true,"_links":{"self":[{"href":"https:\/\/staging.ivg.it\/ediapi\/wp\/v2\/posts\/234187","targetHints":{"allow":["GET"]}}],"collection":[{"href":"https:\/\/staging.ivg.it\/ediapi\/wp\/v2\/posts"}],"about":[{"href":"https:\/\/staging.ivg.it\/ediapi\/wp\/v2\/types\/post"}],"author":[{"embeddable":true,"href":"https:\/\/staging.ivg.it\/ediapi\/wp\/v2\/users\/13744"}],"replies":[{"embeddable":true,"href":"https:\/\/staging.ivg.it\/ediapi\/wp\/v2\/comments?post=234187"}],"version-history":[{"count":0,"href":"https:\/\/staging.ivg.it\/ediapi\/wp\/v2\/posts\/234187\/revisions"}],"wp:attachment":[{"href":"https:\/\/staging.ivg.it\/ediapi\/wp\/v2\/media?parent=234187"}],"wp:term":[{"taxonomy":"category","embeddable":true,"href":"https:\/\/staging.ivg.it\/ediapi\/wp\/v2\/categories?post=234187"},{"taxonomy":"post_tag","embeddable":true,"href":"https:\/\/staging.ivg.it\/ediapi\/wp\/v2\/tags?post=234187"}],"curies":[{"name":"wp","href":"https:\/\/api.w.org\/{rel}","templated":true}]}}