{"id":234157,"date":"2013-02-07T10:52:27","date_gmt":"2013-02-07T09:52:27","guid":{"rendered":"http:\/\/www.ivg.it\/?p=234157"},"modified":"2013-02-07T15:57:23","modified_gmt":"2013-02-07T14:57:23","slug":"lassociazione-agora-di-borgio-verezzi-replica-duramente-al-sindaco-daquino","status":"publish","type":"post","link":"https:\/\/staging.ivg.it\/2013\/02\/lassociazione-agora-di-borgio-verezzi-replica-duramente-al-sindaco-daquino\/","title":{"rendered":"Case sopra le Grotte di Borgio e parco pubblico, l&#8217;associazione Agor\u00e0 ribatte al sindaco Dacquino: &#8220;Non dice (tutta) la verit\u00e0&#8221;"},"content":{"rendered":"<p><strong>Borgio Verezzi.<\/strong> \u201cChe belle le associazioni quando sono in sintonia con noi, e che cattive, quando ci contestano: allora sono veramente da definire la stampella della minoranza\u201d. Agor\u00e0 replica al sindaco Renato Dacquino che aveva definito la neonata associazione di Borgio Verezzi \u2018stampella della minoranza, nonch\u00e9 ostile e con attacchi volti a dividere il paese\u2019. \u201cLa realt\u00e0 \u00e8 ben diversa, per questo \u00e8 opportuno fare uno sforzo da parte nostra per offrire tutti i possibili elementi di informazione e di verit\u00e0 ai cittadini\u201d spiega l&#8217;associazione.<\/p>\n<p>&#8220;Sulle 24 case sopra le grotte il sindaco si dimentica di dire che vi sono dettagliate osservazioni contrarie a tale intervento, firmate non dalla nostra associazione, stampella della minoranza, ma dal WWF, dal FAI, da Italia Nostra, da speleologi e geologi che affermano come addirittura la mappatura delle grotte sia imprecisa e non attendibile. E a questo proposito \u00e8 stato emanato un duro comunicato da parte di queste Associazioni, nei confronti dell&#8217;operato della Amministrazione, comunicato, non firmato da Agor\u00e0, ma da enti riconosciuti a livello internazionale: saremo gi\u00e0 cos\u00ec potenti da condizionare giudizi cos\u00ec severi? O forse chi, come loro e,come noi ha potuto esaminare tutta la documentazione che il sindaco afferma essere a disposizione dei cittadini, ha trovato tanti e cos\u00ec gravi pericoli per le grotte e l&#8217;ambiente da doverli denunciare pubblicamente? Ma noi siamo quelli ostili, che dividono il paese&#8230;\u201d ironizza ancora l\u2019associazione.<\/p>\n<p>\u201cPer il parco pubblico di via Trento e Trieste nulla e&#8217; stato fatto ne&#8217; dalle amministrazioni precedenti ne&#8217; da questa, in carica ormai da quasi due anni. In tal caso la convenzione prevedeva la possibilit\u00e0 di acquisire gratis per il Comune l&#8217;area del parco, in qualunque momento. \u00c8&#8217; vero, nulla e&#8217; stato fatto sino ad oggi; e allora l\u2019amministrazione invece di chiedere al privato il rispetto della convenzione ( o la monetizzazione degli oneri), decide di offrire la costruzione di una nuova casa dentro il parco, in cambio delle stesse opere che il privato avrebbe dovuto fare 7 o 8 anni fa!. In sostanza invece di richiedere il rispetto dei patti, si \u00e8 dato un ulteriore premio a chi non li aveva rispettati. Naturalmente di questo vi sono i documenti che i cittadini potranno consultare in Comune, o in mancanza di questo, che potremo fornire noi&#8221;.<\/p>\n<p>&#8220;La verit\u00e0 a volte fa male, e le associazioni, fanno molto comodo quando sono d&#8217;accordo con noi, ma dividono il paese, quando la pensano diversamente. Noi non vogliamo fare nessuna guerra al Comune, e non disconosciamo quanto di buono e&#8217; stato fatto da questa amministrazione, ma non siamo disponibili a essere accusati di faziosit\u00e0 o falsit\u00e0 o di interessi di alcun genere, perch\u00e9 non ne abbiamo, e quello che facciamo lo facciamo a scapito del nostro tempo, solo ed esclusivamente per una causa in cui crediamo e che \u00e8 quella di salvaguardare questo piccolo e bel territorio. Ogni elemento che consenta chiarezza, verit\u00e0 e correttezza, ci vedr\u00e0 sempre in prima linea , e saremo sempre disponibili al confronto con l&#8217;amministrazione, sempre che questa dimostri verso di noi il rispetto che chiede per se stessa\u201d conclude l\u2019associazione Agor\u00e0.<\/p>\n","protected":false},"excerpt":{"rendered":"<p>Borgio Verezzi. \u201cChe belle le associazioni quando sono in sintonia con noi, e che cattive, quando ci contestano: allora sono veramente da definire la stampella della minoranza\u201d. Agor\u00e0 replica al sindaco Renato Dacquino che aveva definito la neonata associazione di Borgio Verezzi \u2018stampella della minoranza, nonch\u00e9 ostile e con attacchi volti a dividere il paese\u2019. [&hellip;]<\/p>\n","protected":false},"author":13744,"featured_media":0,"comment_status":"open","ping_status":"closed","sticky":false,"template":"","format":"standard","meta":{"footnotes":""},"categories":[31],"tags":[203,4967,33113,31348],"class_list":["post-234157","post","type-post","status-publish","format-standard","hentry","category-politica","tag-borgio","tag-grotte","tag-parco-pubblico","tag-renato-dacquino","post_cat_citta-andora","post_cat_citta-borgio-verezzi"],"amp_validity":null,"amp_enabled":true,"_links":{"self":[{"href":"https:\/\/staging.ivg.it\/ediapi\/wp\/v2\/posts\/234157","targetHints":{"allow":["GET"]}}],"collection":[{"href":"https:\/\/staging.ivg.it\/ediapi\/wp\/v2\/posts"}],"about":[{"href":"https:\/\/staging.ivg.it\/ediapi\/wp\/v2\/types\/post"}],"author":[{"embeddable":true,"href":"https:\/\/staging.ivg.it\/ediapi\/wp\/v2\/users\/13744"}],"replies":[{"embeddable":true,"href":"https:\/\/staging.ivg.it\/ediapi\/wp\/v2\/comments?post=234157"}],"version-history":[{"count":0,"href":"https:\/\/staging.ivg.it\/ediapi\/wp\/v2\/posts\/234157\/revisions"}],"wp:attachment":[{"href":"https:\/\/staging.ivg.it\/ediapi\/wp\/v2\/media?parent=234157"}],"wp:term":[{"taxonomy":"category","embeddable":true,"href":"https:\/\/staging.ivg.it\/ediapi\/wp\/v2\/categories?post=234157"},{"taxonomy":"post_tag","embeddable":true,"href":"https:\/\/staging.ivg.it\/ediapi\/wp\/v2\/tags?post=234157"}],"curies":[{"name":"wp","href":"https:\/\/api.w.org\/{rel}","templated":true}]}}