{"id":234145,"date":"2013-02-06T21:19:21","date_gmt":"2013-02-06T20:19:21","guid":{"rendered":"http:\/\/www.ivg.it\/?p=234145"},"modified":"2013-02-07T12:55:34","modified_gmt":"2013-02-07T11:55:34","slug":"pallanuoto-coppa-len-la-blu-shelf-carisa-non-riesce-a-ribaltare-il-risultato-in-finale-va-la-florentia","status":"publish","type":"post","link":"https:\/\/staging.ivg.it\/2013\/02\/pallanuoto-coppa-len-la-blu-shelf-carisa-non-riesce-a-ribaltare-il-risultato-in-finale-va-la-florentia\/","title":{"rendered":"Pallanuoto, Coppa Len: la Blu Shelf Carisa non riesce a ribaltare il risultato, in finale va la Florentia"},"content":{"rendered":"<p><strong>Savona<\/strong>. La Blu Shelf Carisa ci ha provato, ha lottato alla pari con la Florentia provando in ogni modo a vincere l&#8217;incontro e a ribaltare l&#8217;8 a 6 subito all&#8217;andata, ma non c&#8217;\u00e8 stato nulla da fare. I toscani hanno risposto colpo su colpo, centrando cos\u00ec, per la seconda volta nella loro storia, l&#8217;accesso alla finale della Len Euro Cup. Per i savonesi sfuma la quarta finale consecutiva.<\/p>\n<p>In casa savonese si sapeva che sarebbe stata una trasferta difficile. Ai recenti risultati, che hanno visto i toscani in crescita e i liguri compiere qualche passo falso di troppo, si \u00e8 aggiunta luned\u00ec la tegola dell&#8217;infortunio a Federico Mistrangelo. Il capitano, per un problema all&#8217;anca, \u00e8 finito in infermeria. Tra i tredici \u00e8 stato convocato Valania.<\/p>\n<p>In panchina con Andrea Pisano c&#8217;erano anche Chicco Sciacero e Claudio Mistrangelo, in versione dirigente. Lo staff tecnico savonese ha saputo preparare al meglio la squadra: i biancorossi hanno giocato in maniera ben pi\u00f9 convincente rispetto all&#8217;andata, ma non \u00e8 bastato.<\/p>\n<p>E&#8217; stata una gara vibrante, che ha tenuto con il fiato sospeso gli spettatori presenti alla piscina di Bellariva. Mai un attimo di sosta, risultato sempre in bilico. La partita ha visto un&#8217;alternanza continua nel punteggio, senza che nessuna delle due squadre riuscisse a prendere il largo. A 5&#8242; dal termine il tabellone segnava 10 pari. Gli ospiti hanno segnato l&#8217;undicesimo gol, ma non \u00e8 stato sufficiente. Alla ricerca del gol del + 2, i savonesi sono stati puniti dalla squadra di casa che ha siglato l&#8217;ennesimo pareggio con Molina Rios. I migliori marcatori, con 5 reti a testa, sono stati Rizzo ed Espanol Lifante: entrambi hanno segnato 2 volte su rigore.<\/p>\n<p>Dopo aver raggiunto le semifinali sia in Coppa Italia che in Euro Cup, alla Blu Shelf Carisa Savona non resta che concentrarsi sul campionato. Anche in Serie A1 il traguardo minimo, e probabilmente anche massimo, \u00e8 un piazzamento tra le prime quattro.<\/p>\n<p>Il tabellino:<br \/>\nRari Nantes Florentia &#8211; Blu Shelf Carisa Savona 11 &#8211; 11<br \/>\n(Parziali: 3 &#8211; 3, 3 &#8211; 4, 2 &#8211; 2, 3 &#8211; 2)<br \/>\nRari Nantes Florentia: Mugelli, Di Fulvio 2, Borella, Pagani, Molina Rios 2, Coppoli, Brancatello, Espanol Lifante 5, M. Lapenna 1, Gobbi, Bini 1, Di Fulvio, Minetti. All. Leonardo Sottani.<br \/>\nBlu Shelf Carisa Savona: Antona, Alesiani, L. Damonte, Petrovic, E. Colombo, Rizzo 5, Janovic 2, Fulcheris, G. Bianco 1, Valania, J. Colombo 3, Deserti, Rolle. All. Andrea Pisano.<br \/>\nArbitri: Nenad Peris (Croazia) e Adrian Alexandrescu (Romania). Delegato Len: Andy Hoepelman (Paesi Bassi).<\/p>\n<p>L&#8217;altra squadra finalista \u00e8 il Radnicki Kragujevac che ha battuto anche al ritorno il Debrecen. Niente da fare, quindi, per la squadra in cui milita Alex Giorgetti, sconfitta 12 a 10.<\/p>\n","protected":false},"excerpt":{"rendered":"<p>Savona. La Blu Shelf Carisa ci ha provato, ha lottato alla pari con la Florentia provando in ogni modo a vincere l&#8217;incontro e a ribaltare l&#8217;8 a 6 subito all&#8217;andata, ma non c&#8217;\u00e8 stato nulla da fare. I toscani hanno risposto colpo su colpo, centrando cos\u00ec, per la seconda volta nella loro storia, l&#8217;accesso alla [&hellip;]<\/p>\n","protected":false},"author":13744,"featured_media":0,"comment_status":"open","ping_status":"closed","sticky":false,"template":"","format":"standard","meta":{"footnotes":""},"categories":[32],"tags":[11336,42850,9811,11263,36262,39296],"class_list":["post-234145","post","type-post","status-publish","format-standard","hentry","category-sport","tag-andrea-pisano","tag-blu-shelf-carisa-savona","tag-coppa-len","tag-firenze","tag-len-euro-cup","tag-rari-nantes-florentia","post_cat_citta-savona"],"amp_validity":null,"amp_enabled":true,"_links":{"self":[{"href":"https:\/\/staging.ivg.it\/ediapi\/wp\/v2\/posts\/234145","targetHints":{"allow":["GET"]}}],"collection":[{"href":"https:\/\/staging.ivg.it\/ediapi\/wp\/v2\/posts"}],"about":[{"href":"https:\/\/staging.ivg.it\/ediapi\/wp\/v2\/types\/post"}],"author":[{"embeddable":true,"href":"https:\/\/staging.ivg.it\/ediapi\/wp\/v2\/users\/13744"}],"replies":[{"embeddable":true,"href":"https:\/\/staging.ivg.it\/ediapi\/wp\/v2\/comments?post=234145"}],"version-history":[{"count":0,"href":"https:\/\/staging.ivg.it\/ediapi\/wp\/v2\/posts\/234145\/revisions"}],"wp:attachment":[{"href":"https:\/\/staging.ivg.it\/ediapi\/wp\/v2\/media?parent=234145"}],"wp:term":[{"taxonomy":"category","embeddable":true,"href":"https:\/\/staging.ivg.it\/ediapi\/wp\/v2\/categories?post=234145"},{"taxonomy":"post_tag","embeddable":true,"href":"https:\/\/staging.ivg.it\/ediapi\/wp\/v2\/tags?post=234145"}],"curies":[{"name":"wp","href":"https:\/\/api.w.org\/{rel}","templated":true}]}}