{"id":234030,"date":"2013-02-05T09:59:39","date_gmt":"2013-02-05T08:59:39","guid":{"rendered":"http:\/\/www.ivg.it\/?p=234030"},"modified":"2013-02-05T10:19:48","modified_gmt":"2013-02-05T09:19:48","slug":"finale-unescursione-alle-grotte-nellentroterra-di-perti","status":"publish","type":"post","link":"https:\/\/staging.ivg.it\/2013\/02\/finale-unescursione-alle-grotte-nellentroterra-di-perti\/","title":{"rendered":"Finale, un&#8217;escursione alle grotte nell&#8217;entroterra di Perti"},"content":{"rendered":"<p><strong>Finale Ligure<\/strong>. Un&#8217;escursione dedicata alle grotte, quelle facili ma belle, nell&#8217;entroterra di Perti, che non per niente \u00e8 noto come &#8220;zona delle grotte&#8221;.<\/p>\n<p>Molte di queste &#8220;arme&#8221;, per\u00f2, sono poco conosciute perch\u00e9 fuori dai sentieri segnati, come la suggestiva Arma del Princip\u00e0.<\/p>\n<p>L&#8217;appuntamento, patrocinato dal Comune di Finale Ligure, \u00e8 per patrocinato da Comune di Finale Ligure. Bisogner\u00e0 preesentarsi muniti di torcia elettrica, a Perti Alto alle ore 14,30.<\/p>\n<p>Al termine dell&#8217;escursione, breve ma molto intensa, che rientra nell&#8217;ambito di &#8220;Locus Typicus&#8221;, \u00e8 possibile fermarsi all&#8217;Osteria del Castel Gavone per una merenda. E&#8217; necessaria la prenotazione entro le ore 18 di venerd\u00ec 8 febbraio, telefonando al 3338771184.<\/p>\n","protected":false},"excerpt":{"rendered":"<p>Finale Ligure. Un&#8217;escursione dedicata alle grotte, quelle facili ma belle, nell&#8217;entroterra di Perti, che non per niente \u00e8 noto come &#8220;zona delle grotte&#8221;. Molte di queste &#8220;arme&#8221;, per\u00f2, sono poco conosciute perch\u00e9 fuori dai sentieri segnati, come la suggestiva Arma del Princip\u00e0. L&#8217;appuntamento, patrocinato dal Comune di Finale Ligure, \u00e8 per patrocinato da Comune di [&hellip;]<\/p>\n","protected":false},"author":13744,"featured_media":0,"comment_status":"open","ping_status":"closed","sticky":false,"template":"","format":"standard","meta":{"footnotes":""},"categories":[],"tags":[1110,4967,2120],"class_list":["post-234030","post","type-post","status-publish","format-standard","hentry","tag-escursioni","tag-grotte","tag-perti","post_cat_citta-finale-ligure"],"amp_validity":null,"amp_enabled":true,"_links":{"self":[{"href":"https:\/\/staging.ivg.it\/ediapi\/wp\/v2\/posts\/234030","targetHints":{"allow":["GET"]}}],"collection":[{"href":"https:\/\/staging.ivg.it\/ediapi\/wp\/v2\/posts"}],"about":[{"href":"https:\/\/staging.ivg.it\/ediapi\/wp\/v2\/types\/post"}],"author":[{"embeddable":true,"href":"https:\/\/staging.ivg.it\/ediapi\/wp\/v2\/users\/13744"}],"replies":[{"embeddable":true,"href":"https:\/\/staging.ivg.it\/ediapi\/wp\/v2\/comments?post=234030"}],"version-history":[{"count":0,"href":"https:\/\/staging.ivg.it\/ediapi\/wp\/v2\/posts\/234030\/revisions"}],"wp:attachment":[{"href":"https:\/\/staging.ivg.it\/ediapi\/wp\/v2\/media?parent=234030"}],"wp:term":[{"taxonomy":"category","embeddable":true,"href":"https:\/\/staging.ivg.it\/ediapi\/wp\/v2\/categories?post=234030"},{"taxonomy":"post_tag","embeddable":true,"href":"https:\/\/staging.ivg.it\/ediapi\/wp\/v2\/tags?post=234030"}],"curies":[{"name":"wp","href":"https:\/\/api.w.org\/{rel}","templated":true}]}}