{"id":233907,"date":"2013-02-02T15:12:12","date_gmt":"2013-02-02T14:12:12","guid":{"rendered":"http:\/\/www.ivg.it\/?p=233907"},"modified":"2013-02-02T15:39:44","modified_gmt":"2013-02-02T14:39:44","slug":"elezioni-ravera-prc-rivoluzione-civile-nella-sinistra-europea-lunedi-incontro-con-paolo-ferrero","status":"publish","type":"post","link":"https:\/\/staging.ivg.it\/2013\/02\/elezioni-ravera-prc-rivoluzione-civile-nella-sinistra-europea-lunedi-incontro-con-paolo-ferrero\/","title":{"rendered":"Elezioni, Ravera (Prc): &#8220;Rivoluzione civile nella sinistra europea&#8221;. Luned\u00ec incontro con Paolo Ferrero"},"content":{"rendered":"<p><strong>Savona.<\/strong> \u201cCi sono molte polemiche, decisamente troppe, sulle liste di Rivoluzione Civile. Sicuramente imperfette, ma meglio delle altre. Non vanno bene i rappresentanti dell&#8217;Idv (che se si fosse alleato col Pd sarebbero andati benissimo), non vanno bene i segretari di partito che si dovrebbero vergognare di voler entrare in Parlamento (perch\u00e9 mai poi? Ovviamente solo i nostri perch\u00e9 gli altri si possono candidare ed \u00e8 giusto che ambiscano al Parlamento), non vanno bene quanti tentarono l&#8217;avventura ne &#8220;la Sinistra l&#8217;Arcobaleno&#8221; (anche qui solo i nostri perch\u00e9 quelli candidati in Sel \u00e8 giusto che ci riprovino). Pochezza di argomenti.<\/p>\n<p>&#8220;Ma ieri \u00e8 stato fissato un punto politico per me importante\u201d. Lo scrive su Facebook il segretario provinciale di Rifondazione Comunista Marco Ravera.<\/p>\n<p>\u201cA Roma, durante l&#8217;assemblea con Antonio Ingroia, Jean-Luc Melenchon, Paolo Ferrero e Fabio Amato, \u00e8 stato fissato che il riferimento, l&#8217;interlocutore europeo di Rivoluzione Civile \u00e8 la Sinistra Europea. Mi sembra un fatto politico decisamente rilevante\u201d.<\/p>\n<p>Intanto per luned\u00ec 4 febbraio, alle ore 21:00, presso la Sala Rossa del Comune di Savona si terr\u00e0 un incontro pubblico con Paolo Ferrero, candidato alle prossime elezioni politiche.<\/p>\n","protected":false},"excerpt":{"rendered":"<p>Savona. \u201cCi sono molte polemiche, decisamente troppe, sulle liste di Rivoluzione Civile. Sicuramente imperfette, ma meglio delle altre. Non vanno bene i rappresentanti dell&#8217;Idv (che se si fosse alleato col Pd sarebbero andati benissimo), non vanno bene i segretari di partito che si dovrebbero vergognare di voler entrare in Parlamento (perch\u00e9 mai poi? Ovviamente solo [&hellip;]<\/p>\n","protected":false},"author":13744,"featured_media":0,"comment_status":"open","ping_status":"closed","sticky":false,"template":"","format":"standard","meta":{"footnotes":""},"categories":[31],"tags":[218,366,9248,44144],"class_list":["post-233907","post","type-post","status-publish","format-standard","hentry","category-politica","tag-elezioni","tag-marco-ravera","tag-paolo-ferrero","tag-rivoluzione-civile","post_cat_citta-andora","post_cat_citta-savona"],"amp_validity":null,"amp_enabled":true,"_links":{"self":[{"href":"https:\/\/staging.ivg.it\/ediapi\/wp\/v2\/posts\/233907","targetHints":{"allow":["GET"]}}],"collection":[{"href":"https:\/\/staging.ivg.it\/ediapi\/wp\/v2\/posts"}],"about":[{"href":"https:\/\/staging.ivg.it\/ediapi\/wp\/v2\/types\/post"}],"author":[{"embeddable":true,"href":"https:\/\/staging.ivg.it\/ediapi\/wp\/v2\/users\/13744"}],"replies":[{"embeddable":true,"href":"https:\/\/staging.ivg.it\/ediapi\/wp\/v2\/comments?post=233907"}],"version-history":[{"count":0,"href":"https:\/\/staging.ivg.it\/ediapi\/wp\/v2\/posts\/233907\/revisions"}],"wp:attachment":[{"href":"https:\/\/staging.ivg.it\/ediapi\/wp\/v2\/media?parent=233907"}],"wp:term":[{"taxonomy":"category","embeddable":true,"href":"https:\/\/staging.ivg.it\/ediapi\/wp\/v2\/categories?post=233907"},{"taxonomy":"post_tag","embeddable":true,"href":"https:\/\/staging.ivg.it\/ediapi\/wp\/v2\/tags?post=233907"}],"curies":[{"name":"wp","href":"https:\/\/api.w.org\/{rel}","templated":true}]}}