{"id":233886,"date":"2013-02-02T08:46:50","date_gmt":"2013-02-02T07:46:50","guid":{"rendered":"http:\/\/www.ivg.it\/?p=233886"},"modified":"2013-02-02T08:48:01","modified_gmt":"2013-02-02T07:48:01","slug":"la-caccia-si-e-chiusa-anzi-no-lenpa-cambiare-metodi-e-attori-del-censimento","status":"publish","type":"post","link":"https:\/\/staging.ivg.it\/2013\/02\/la-caccia-si-e-chiusa-anzi-no-lenpa-cambiare-metodi-e-attori-del-censimento\/","title":{"rendered":"La caccia si \u00e8 chiusa&#8230; anzi no. L&#8217;Enpa: &#8220;Cambiare metodi e attori del censimento&#8221;"},"content":{"rendered":"<p><strong>Savona<\/strong>. E\u2019 terminata l\u2019altroieri la stagione venatoria, caratterizzata come sempre dai tentativi dei consiglieri regionali di quasi tutti i partiti di ampliare tempi, spazi e specie da abbattere.<\/p>\n<p>E&#8217; l&#8217;Enpa savonese a fare il punto sulla situazione. &#8220;I giudici amministrative del Tar e del Consiglio di Stato &#8211; spiegano i portavoce dell&#8217;associazione -, su ricorso o appello delle associazioni ambientaliste ed animaliste, hanno stoppato per palese illegittimit\u00e0 le delibere che consentivano non di cacciare ma di cacciare ancora di pi\u00f9 rispetto alle leggi regionale e statale, gi\u00e0 troppo favorevoli alla caccia ma evidentemente non ancora permissive per le frange venatorie pi\u00f9 estreme ed i politici loro amici&#8221;.<br \/>\n\u00a0<br \/>\n&#8220;Eppure nella stagione venatoria 2010\/2011 &#8211; sottolinea l&#8217;Enpa -, l\u2019ultima di cui sono noti i resoconti regionali, a parte i due morti ed i diversi feriti tra gli &#8216;umani&#8217;, i fortunatamente sempre meno cacciatori liguri (20.524, circa un quarto del 1977), sono riusciti ad ammazzare &#8216;ufficialmente&#8217; oltre 278.000 animali, di cui 43.000 stanziali e 235.000 migratori, alla faccia dell\u201980% degli italiani totalmente contrari ad ogni forma di caccia (Report annuale 2013 dell\u2019Eurispes). Stragi di &#8216;tutto rispetto&#8217; anche in provincia di Savona, dove 5.160 cacciatori hanno ammazzato ufficialmente (esclusi quindi omissioni e &#8216;dimenticanze&#8217; e l\u2019attivit\u00e0 dei bracconieri) quasi 62.000 animali (48.000 migratori e 14.000 stanziali), tra cui 1.331 beccacce, 2.116 ghiandaie, 6.500 merli, 35.000 tordi e cesene, quasi 1.600 caprioli e daini, oltre 7.000 cinghiali, 421 lepri e quasi 2.000 fagiani e pernici&#8221;.<br \/>\n\u00a0<br \/>\nE a Savona la pace nei boschi non c\u2019\u00e8 ancora: con grave disturbo alle specie animali in riproduzione e nidificazione, fino al 15 marzo \u00e8 permessa la caccia alla femmina di capriolo da parte dei cosiddetti \u201cselecontrollori\u201d che, appostati tra i cespugli con carabine di precisione, potranno fucilare questi gentili animali fino al raggiungimento del contingente stabilito sulla base di precedenti censimenti.<\/p>\n<p>&#8220;Questi conteggi, effettuati dagli stessi cacciatori, vengono elaborati dalla Provincia per definire il numero di animali da abbattere nella stagione successiva; il problema -. spiega l&#8217;Enpa &#8211; \u00e8 che n\u00e9 per i cinghiali, n\u00e9 per i caprioli o i daini, viene abbattuto il numero massimo consentito, con automatica proroga a gennaio della caccia al cinghiale. Ci\u00f2 dovrebbe quindi indurre la Provincia a cambiare metodi ed attori del censimento e, soprattutto, ridurre cautelativamente il numero di capi da abbattere&#8221;.<\/p>\n","protected":false},"excerpt":{"rendered":"<p>Savona. E\u2019 terminata l\u2019altroieri la stagione venatoria, caratterizzata come sempre dai tentativi dei consiglieri regionali di quasi tutti i partiti di ampliare tempi, spazi e specie da abbattere. E&#8217; l&#8217;Enpa savonese a fare il punto sulla situazione. &#8220;I giudici amministrative del Tar e del Consiglio di Stato &#8211; spiegano i portavoce dell&#8217;associazione -, su ricorso [&hellip;]<\/p>\n","protected":false},"author":13744,"featured_media":0,"comment_status":"open","ping_status":"closed","sticky":false,"template":"","format":"standard","meta":{"footnotes":""},"categories":[],"tags":[899,12147,436,375,1030],"class_list":["post-233886","post","type-post","status-publish","format-standard","hentry","tag-caccia","tag-censimento","tag-enpa","tag-provincia","tag-stagione-venatoria","post_cat_citta-andora"],"amp_validity":null,"amp_enabled":true,"_links":{"self":[{"href":"https:\/\/staging.ivg.it\/ediapi\/wp\/v2\/posts\/233886","targetHints":{"allow":["GET"]}}],"collection":[{"href":"https:\/\/staging.ivg.it\/ediapi\/wp\/v2\/posts"}],"about":[{"href":"https:\/\/staging.ivg.it\/ediapi\/wp\/v2\/types\/post"}],"author":[{"embeddable":true,"href":"https:\/\/staging.ivg.it\/ediapi\/wp\/v2\/users\/13744"}],"replies":[{"embeddable":true,"href":"https:\/\/staging.ivg.it\/ediapi\/wp\/v2\/comments?post=233886"}],"version-history":[{"count":0,"href":"https:\/\/staging.ivg.it\/ediapi\/wp\/v2\/posts\/233886\/revisions"}],"wp:attachment":[{"href":"https:\/\/staging.ivg.it\/ediapi\/wp\/v2\/media?parent=233886"}],"wp:term":[{"taxonomy":"category","embeddable":true,"href":"https:\/\/staging.ivg.it\/ediapi\/wp\/v2\/categories?post=233886"},{"taxonomy":"post_tag","embeddable":true,"href":"https:\/\/staging.ivg.it\/ediapi\/wp\/v2\/tags?post=233886"}],"curies":[{"name":"wp","href":"https:\/\/api.w.org\/{rel}","templated":true}]}}