{"id":233885,"date":"2013-02-02T08:39:02","date_gmt":"2013-02-02T07:39:02","guid":{"rendered":"http:\/\/www.ivg.it\/?p=233885"},"modified":"2013-02-02T17:54:38","modified_gmt":"2013-02-02T16:54:38","slug":"provincia-mozione-di-sfiducia-a-stefano-parodi-per-garantire-la-serenita-allorgano-collegiale","status":"publish","type":"post","link":"https:\/\/staging.ivg.it\/2013\/02\/provincia-mozione-di-sfiducia-a-stefano-parodi-per-garantire-la-serenita-allorgano-collegiale\/","title":{"rendered":"Provincia, mozione di sfiducia a Stefano Parodi &#8220;per garantire la serenit\u00e0 all&#8217;organo collegiale&#8221;"},"content":{"rendered":"<p><strong>Provincia<\/strong>. Presentare una mozione di sfiducia nei confronti del presidente del Consiglio con la precisazione che l&#8217;unica motivazione valida per tale gesto sar\u00e0 solo quello di garantire la serenit\u00e0 all&#8217;organo collegiale. Questa \u00e8 la decisione presa dalla maggioranza del Consiglio provinciale, riunitasi nella serata di ieri, congiuntamente allo stesso presidente Stefano Parodi, per analizzare la vicenda della sua condanna.<\/p>\n<p>L&#8217;ex sindaco albissolese \u00e8 stato condannato a due anni e sei mesi di reclusione nell&#8217;ambito dell&#8217;inchiesta della Procura di Genova sull\u2019attivit\u00e0 dell\u2019imprenditore edile di Cogoleto Pietro Pesce. Secondo l&#8217;accusa, Parodi avrebbe ricevuto da Pesce, nel 2008, una mazzetta di 49 mila euro. Il politico, per\u00f2, ha sempre respinto l&#8217;addebito.<\/p>\n<p>&#8220;I consiglieri di Pdl e Lega Nord &#8211; spiega l&#8217;assessore Santiago Vacca &#8211; hanno espresso solidariet\u00e0 a Parodi e, pur confermando la stima e la fiducia, hanno frapposto l&#8217;opportunit\u00e0 o meno di sottoporre il consiglio e l&#8217;amministrazione provinciale ad una strumentalizzazione e linciaggio mediatico. Per questa considerazione e con la comprensione di Parodi, la maggioranza ha optato per la mozione di sfiducia&#8221;.<\/p>\n<p>La maggioranza ha invitato il presidente Parodi, al termine del suo incarico di garanzia, a mantenere il suo ruolo di consigliere provinciale.<\/p>\n","protected":false},"excerpt":{"rendered":"<p>Provincia. Presentare una mozione di sfiducia nei confronti del presidente del Consiglio con la precisazione che l&#8217;unica motivazione valida per tale gesto sar\u00e0 solo quello di garantire la serenit\u00e0 all&#8217;organo collegiale. Questa \u00e8 la decisione presa dalla maggioranza del Consiglio provinciale, riunitasi nella serata di ieri, congiuntamente allo stesso presidente Stefano Parodi, per analizzare la [&hellip;]<\/p>\n","protected":false},"author":13744,"featured_media":0,"comment_status":"open","ping_status":"closed","sticky":false,"template":"","format":"standard","meta":{"footnotes":""},"categories":[31],"tags":[3087,216,375,5763,5592],"class_list":["post-233885","post","type-post","status-publish","format-standard","hentry","category-politica","tag-consiglio-provinciale","tag-pdl","tag-provincia","tag-santiago-vacca","tag-stefano-parodi","post_cat_citta-andora"],"amp_validity":null,"amp_enabled":true,"_links":{"self":[{"href":"https:\/\/staging.ivg.it\/ediapi\/wp\/v2\/posts\/233885","targetHints":{"allow":["GET"]}}],"collection":[{"href":"https:\/\/staging.ivg.it\/ediapi\/wp\/v2\/posts"}],"about":[{"href":"https:\/\/staging.ivg.it\/ediapi\/wp\/v2\/types\/post"}],"author":[{"embeddable":true,"href":"https:\/\/staging.ivg.it\/ediapi\/wp\/v2\/users\/13744"}],"replies":[{"embeddable":true,"href":"https:\/\/staging.ivg.it\/ediapi\/wp\/v2\/comments?post=233885"}],"version-history":[{"count":0,"href":"https:\/\/staging.ivg.it\/ediapi\/wp\/v2\/posts\/233885\/revisions"}],"wp:attachment":[{"href":"https:\/\/staging.ivg.it\/ediapi\/wp\/v2\/media?parent=233885"}],"wp:term":[{"taxonomy":"category","embeddable":true,"href":"https:\/\/staging.ivg.it\/ediapi\/wp\/v2\/categories?post=233885"},{"taxonomy":"post_tag","embeddable":true,"href":"https:\/\/staging.ivg.it\/ediapi\/wp\/v2\/tags?post=233885"}],"curies":[{"name":"wp","href":"https:\/\/api.w.org\/{rel}","templated":true}]}}