{"id":233698,"date":"2013-01-30T11:39:29","date_gmt":"2013-01-30T10:39:29","guid":{"rendered":"http:\/\/www.ivg.it\/?p=233698"},"modified":"2013-01-30T11:39:29","modified_gmt":"2013-01-30T10:39:29","slug":"ginnastica-ritmica-prima-prova-del-campionato-di-categoria-albenga-ipoteca-due-titoli-regionali","status":"publish","type":"post","link":"https:\/\/staging.ivg.it\/2013\/01\/ginnastica-ritmica-prima-prova-del-campionato-di-categoria-albenga-ipoteca-due-titoli-regionali\/","title":{"rendered":"Ginnastica ritmica, prima prova del campionato di categoria: Albenga ipoteca due titoli regionali"},"content":{"rendered":"<p><strong>Albenga<\/strong>. Alla prima prova regionale del campionato di categoria, svoltosi a Genova, le atlete della Ginnastica Ligure Albenga hanno gi\u00e0 posto le basi per due titoli.<\/p>\n<p>Nella categoria Senior ha primeggiato l&#8217;albenganese Irene Pippo, una delle ginnaste pi\u00f9 esperte della regione che, dopo aver militato per tre anni in Serie A con la Ginnastica Ardor di Padova, \u00e8 tornata a tutti gli effetti in forze alla societ\u00e0 nella quale \u00e8 cresciuta.<\/p>\n<p>Tra le pi\u00f9 piccole, categoria Allieve Prima fascia, primo posto per Salom\u00e9 Pontanari. Nella stessa classe, ottima prestazione per Maia Felandro, 8 anni appena compiuti, al suo esordio in questo Campionato di altissimo livello.<\/p>\n<p>Buoni margini di miglioramento per Sara Valdisserra che, nella categoria Allieve Seconda fascia, \u00e8 giunta distaccata di pochissimi punti dalle atlete che la precedono.<\/p>\n<p>In classifica, con la divisa ingauna, anche tre giovani atlete di San Remo, quest&#8217;anno tesserate per la Ginnastica Ligure Albenga.<br \/>\n\u00a0<br \/>\nOttimi risultati anche per loro: Daria Fokina si \u00e8 classificata quarta, Ilham Amrassal settima e Klarisa Kopliku quinta.<\/p>\n<p>La seconda prova regionale \u00e8 prevista per domenica 10 febbraio a Santo Stefano Magra, mentre domenica 3 febbraio a Genova saranno impegnate le ginnaste del campionato di specialit\u00e0.<\/p>\n","protected":false},"excerpt":{"rendered":"<p>Albenga. Alla prima prova regionale del campionato di categoria, svoltosi a Genova, le atlete della Ginnastica Ligure Albenga hanno gi\u00e0 posto le basi per due titoli. Nella categoria Senior ha primeggiato l&#8217;albenganese Irene Pippo, una delle ginnaste pi\u00f9 esperte della regione che, dopo aver militato per tre anni in Serie A con la Ginnastica Ardor [&hellip;]<\/p>\n","protected":false},"author":13744,"featured_media":0,"comment_status":"open","ping_status":"closed","sticky":false,"template":"","format":"standard","meta":{"footnotes":""},"categories":[32],"tags":[737,4145,9587,21877],"class_list":["post-233698","post","type-post","status-publish","format-standard","hentry","category-sport","tag-genova","tag-ginnastica-ritmica","tag-irene-pippo","tag-salome-pontanari","post_cat_citta-albenga"],"amp_validity":null,"amp_enabled":true,"_links":{"self":[{"href":"https:\/\/staging.ivg.it\/ediapi\/wp\/v2\/posts\/233698","targetHints":{"allow":["GET"]}}],"collection":[{"href":"https:\/\/staging.ivg.it\/ediapi\/wp\/v2\/posts"}],"about":[{"href":"https:\/\/staging.ivg.it\/ediapi\/wp\/v2\/types\/post"}],"author":[{"embeddable":true,"href":"https:\/\/staging.ivg.it\/ediapi\/wp\/v2\/users\/13744"}],"replies":[{"embeddable":true,"href":"https:\/\/staging.ivg.it\/ediapi\/wp\/v2\/comments?post=233698"}],"version-history":[{"count":0,"href":"https:\/\/staging.ivg.it\/ediapi\/wp\/v2\/posts\/233698\/revisions"}],"wp:attachment":[{"href":"https:\/\/staging.ivg.it\/ediapi\/wp\/v2\/media?parent=233698"}],"wp:term":[{"taxonomy":"category","embeddable":true,"href":"https:\/\/staging.ivg.it\/ediapi\/wp\/v2\/categories?post=233698"},{"taxonomy":"post_tag","embeddable":true,"href":"https:\/\/staging.ivg.it\/ediapi\/wp\/v2\/tags?post=233698"}],"curies":[{"name":"wp","href":"https:\/\/api.w.org\/{rel}","templated":true}]}}