{"id":233665,"date":"2013-01-29T17:07:32","date_gmt":"2013-01-29T16:07:32","guid":{"rendered":"http:\/\/www.ivg.it\/?p=233665"},"modified":"2013-01-29T22:37:08","modified_gmt":"2013-01-29T21:37:08","slug":"guidava-senza-cinture-multato-dai-carabinieri-li-insulta-e-viene-arrestato-35enne-nega-tutto-ma-e-condannato","status":"publish","type":"post","link":"https:\/\/staging.ivg.it\/2013\/01\/guidava-senza-cinture-multato-dai-carabinieri-li-insulta-e-viene-arrestato-35enne-nega-tutto-ma-e-condannato\/","title":{"rendered":"Guidava senza cinture, multato dai carabinieri li insulta e viene arrestato: 35enne nega tutto, ma \u00e8 condannato"},"content":{"rendered":"<p><strong>Savona<\/strong>. Era stato fermato dai carabinieri per un normale controllo e sorpreso al volante senza le cinture di sicurezza. Per l&#8217;automobilista, T.V., 35 anni savonese, era cos\u00ec scattata la sanzione prevista dal codice. Quando i militari gli avevano riportato il verbale per\u00f2 il giovane &#8211; questa almeno la versione fornita dai carabinieri &#8211; avrebbe perso la pazienza aggredendoli prima verbalmente, con vari insulti, assumendo via via un atteggiamento sempre pi\u00f9 aggressivo. A quel punto i carabinieri lo avevano arrestato per resistenza, oltraggio e lesioni a pubblico ufficiale (uno di loro era stato colpito ad un dito).<\/p>\n<p>Un&#8217;episodio per il quale il trentacinquenne era finito a giudizio per direttissima: proprio durante l&#8217;udienza di convalida per\u00f2 l&#8217;arrestato aveva fornito una versione ben diversa dell&#8217;accaduto. Secondo l&#8217;automobilista, che ora \u00e8 agli arresti domiciliari, infatti non c&#8217;era stata alcuna aggressione e nemmeno gli insulti ai carabinieri, ma, al contrario, erano stati loro ad esagerare nei suoi confronti. Questa mattina in tribunale, con un rito abbreviato condizionato all&#8217;audizione della fidanzata dell&#8217;imputato (che quel giorno era in auto con lui), si \u00e8 concluso il processo e T.V. \u00e8 stato condannato a sei mesi di reclusione (il pm aveva chiesto un anno).<\/p>\n<p>Un verdetto contro il quale, come spiega l&#8217;avvocato difensore Nazareno Siccardi, certamente verr\u00e0 fatto appello: &#8220;Adesso non ci resta che attendere le motivazioni della sentenza, poi molto probabilmente faremo ricorso in Appello&#8221;. Secondo la tesi difensiva quel giorno le cose sono andate ben diversamente: &#8220;Il mio assistito \u00e8 stato fermato e, rilevata l&#8217;irregolarit\u00e0, i carabinieri sono saliti sull&#8217;auto di servizio per fare il verbale. Dopo 25 minuti di attesa il mio cliente \u00e8 sceso dall&#8217;auto ed \u00e8 andato a chiedere ai militari se avevano finito e in risposta gli \u00e8 stato chiesto di tornare sulla vettura. Solo dopo altri 15 minuti hanno finito e gli hanno portato la documentazione. Vista l&#8217;attesa di 40 minuti il mio assistito ha domandato se i militari fossero contenti di avergli fatto perdere tempo e a quel punto, senza altro motivo, gli hanno messo le manette ai polsi&#8221;.<\/p>\n<p>Secondo la difesa non c&#8217;\u00e8 stata nessuna aggressione: &#8220;Il militare si \u00e8 infortunato mentre metteva le manette al mio assistito, ma non \u00e8 stato ferito da lui. Tanto che, nella documentazione clinica dell&#8217;ospedale, si legge che la lesione deriva da un &#8216;infortunio di lavoro occorso durante un&#8217;operazione di servizio'&#8221;. Per la difesa si tratterebbe quindi non di una lesione volontaria, ma di un banale incidente.<\/p>\n","protected":false},"excerpt":{"rendered":"<p>Savona. Era stato fermato dai carabinieri per un normale controllo e sorpreso al volante senza le cinture di sicurezza. Per l&#8217;automobilista, T.V., 35 anni savonese, era cos\u00ec scattata la sanzione prevista dal codice. Quando i militari gli avevano riportato il verbale per\u00f2 il giovane &#8211; questa almeno la versione fornita dai carabinieri &#8211; avrebbe perso [&hellip;]<\/p>\n","protected":false},"author":2394,"featured_media":0,"comment_status":"open","ping_status":"closed","sticky":false,"template":"","format":"standard","meta":{"footnotes":""},"categories":[34],"tags":[963,24160,1981,470,85850],"class_list":["post-233665","post","type-post","status-publish","format-standard","hentry","category-cronaca","tag-condanna","tag-oltraggio","tag-processo","tag-resistenza","tag-savona","post_cat_citta-savona"],"amp_validity":null,"amp_enabled":true,"_links":{"self":[{"href":"https:\/\/staging.ivg.it\/ediapi\/wp\/v2\/posts\/233665","targetHints":{"allow":["GET"]}}],"collection":[{"href":"https:\/\/staging.ivg.it\/ediapi\/wp\/v2\/posts"}],"about":[{"href":"https:\/\/staging.ivg.it\/ediapi\/wp\/v2\/types\/post"}],"author":[{"embeddable":true,"href":"https:\/\/staging.ivg.it\/ediapi\/wp\/v2\/users\/2394"}],"replies":[{"embeddable":true,"href":"https:\/\/staging.ivg.it\/ediapi\/wp\/v2\/comments?post=233665"}],"version-history":[{"count":0,"href":"https:\/\/staging.ivg.it\/ediapi\/wp\/v2\/posts\/233665\/revisions"}],"wp:attachment":[{"href":"https:\/\/staging.ivg.it\/ediapi\/wp\/v2\/media?parent=233665"}],"wp:term":[{"taxonomy":"category","embeddable":true,"href":"https:\/\/staging.ivg.it\/ediapi\/wp\/v2\/categories?post=233665"},{"taxonomy":"post_tag","embeddable":true,"href":"https:\/\/staging.ivg.it\/ediapi\/wp\/v2\/tags?post=233665"}],"curies":[{"name":"wp","href":"https:\/\/api.w.org\/{rel}","templated":true}]}}