{"id":233600,"date":"2013-01-28T17:21:40","date_gmt":"2013-01-28T16:21:40","guid":{"rendered":"http:\/\/www.ivg.it\/?p=233600"},"modified":"2013-01-29T11:57:17","modified_gmt":"2013-01-29T10:57:17","slug":"liste-pdl-convocato-il-coordinamento-provinciale-il-segretario-valle-dura-convincere-a-votare-certi-candidati","status":"publish","type":"post","link":"https:\/\/staging.ivg.it\/2013\/01\/liste-pdl-convocato-il-coordinamento-provinciale-il-segretario-valle-dura-convincere-a-votare-certi-candidati\/","title":{"rendered":"Liste Pdl, convocato il coordinamento provinciale. Il segretario Valle: &#8220;Dura convincere a votare certi candidati&#8221;"},"content":{"rendered":"<p><strong>Savona.<\/strong> E\u2019 stato convocato per luned\u00ec 4 febbraio il coordinamento provinciale del Pdl con al centro la vicenda delle liste per la Camera ed il Senato che ha escluso esponenti liguri e savonesi. \u201cVoter\u00f2 e sosterr\u00f2 il Pdl, sono un uomo di partito e mi comporter\u00f2 come tale. Ho dato tanto per il Pdl e lavorer\u00f2 sempre per una affermazione del partito sul territorio\u201d afferma a denti stretti il coordinatore provinciale Andrea Valle, che non nasconde la propria delusione per la situazione del Popolo delle Libert\u00e0: \u201cSiamo in difficolt\u00e0 visto che il nostro popolo ci chiede per chi votare\u2026Ci sono candidati che la gente non capisce: la sfida vera sar\u00e0 convincere i nostri elettori a votarli. E\u2019 evidente la delusione e ora vedremo i prossimi passi\u2026\u201d.<\/p>\n<p>\u201cNessuna mossa politica particolare, \u00e8 chiara la forte critica alle decisioni del partito a livello nazionale e certamente ci faremo sentire\u201d aggiunge il segretario Valle.<\/p>\n<p>Quanto al coordinamento regionale: \u201cNessuna conquista, la nostra battaglia era diretta ai vertici del partito ligure non pi\u00f9 rappresentativi del partito, d&#8217;altronde la composizione delle liste lo dimostra\u2026Ripartiremo da noi, dal gruppo del Pdl che opera sul territorio\u201d.<\/p>\n","protected":false},"excerpt":{"rendered":"<p>Savona. E\u2019 stato convocato per luned\u00ec 4 febbraio il coordinamento provinciale del Pdl con al centro la vicenda delle liste per la Camera ed il Senato che ha escluso esponenti liguri e savonesi. \u201cVoter\u00f2 e sosterr\u00f2 il Pdl, sono un uomo di partito e mi comporter\u00f2 come tale. Ho dato tanto per il Pdl e [&hellip;]<\/p>\n","protected":false},"author":4,"featured_media":0,"comment_status":"open","ping_status":"closed","sticky":false,"template":"","format":"standard","meta":{"footnotes":""},"categories":[31],"tags":[9954,218,216,85850],"class_list":["post-233600","post","type-post","status-publish","format-standard","hentry","category-politica","tag-andrea-valle","tag-elezioni","tag-pdl","tag-savona","post_cat_citta-andora","post_cat_citta-savona"],"amp_validity":null,"amp_enabled":true,"_links":{"self":[{"href":"https:\/\/staging.ivg.it\/ediapi\/wp\/v2\/posts\/233600","targetHints":{"allow":["GET"]}}],"collection":[{"href":"https:\/\/staging.ivg.it\/ediapi\/wp\/v2\/posts"}],"about":[{"href":"https:\/\/staging.ivg.it\/ediapi\/wp\/v2\/types\/post"}],"author":[{"embeddable":true,"href":"https:\/\/staging.ivg.it\/ediapi\/wp\/v2\/users\/4"}],"replies":[{"embeddable":true,"href":"https:\/\/staging.ivg.it\/ediapi\/wp\/v2\/comments?post=233600"}],"version-history":[{"count":0,"href":"https:\/\/staging.ivg.it\/ediapi\/wp\/v2\/posts\/233600\/revisions"}],"wp:attachment":[{"href":"https:\/\/staging.ivg.it\/ediapi\/wp\/v2\/media?parent=233600"}],"wp:term":[{"taxonomy":"category","embeddable":true,"href":"https:\/\/staging.ivg.it\/ediapi\/wp\/v2\/categories?post=233600"},{"taxonomy":"post_tag","embeddable":true,"href":"https:\/\/staging.ivg.it\/ediapi\/wp\/v2\/tags?post=233600"}],"curies":[{"name":"wp","href":"https:\/\/api.w.org\/{rel}","templated":true}]}}