{"id":233592,"date":"2013-01-28T15:35:37","date_gmt":"2013-01-28T14:35:37","guid":{"rendered":"http:\/\/www.ivg.it\/?p=233592"},"modified":"2013-01-28T17:37:34","modified_gmt":"2013-01-28T16:37:34","slug":"meteo-maltempo-alle-spalle-il-nevischio-e-durato-solo-poche-ore","status":"publish","type":"post","link":"https:\/\/staging.ivg.it\/2013\/01\/meteo-maltempo-alle-spalle-il-nevischio-e-durato-solo-poche-ore\/","title":{"rendered":"Meteo: maltempo alle spalle, il nevischio \u00e8 durato solo poche ore"},"content":{"rendered":"<p>Splende ormai il sole anche in Valbormida, dopo il nevischio delle primissime ore di questa mattina trasformatosi, gi\u00e0 prima di pranzo, in pioggia. L&#8217;annuncio di una perturbazione pi\u00f9 lieve di quella della settimana scorsa si \u00e8 tradotta con un passaggio veloce del maltempo per lasciare spazio a condizioni climatiche favorevoli.<\/p>\n<p>Per domani i meteorologi del Limet parlano di schiarite nella mattinata gi\u00e0 sul Ponente estremo, molto nuvoloso sul resto della regione con piogge occasionali sulla costa e nevischio sui monti dai 700\/800 metri circa. Entro la serata le schiarite avranno guadagnato tutta la regione.<\/p>\n<p>Infine marted\u00ec tendenza a tempo soleggiato o poco nuvoloso. Visibilit\u00e0 buona. <\/p>\n","protected":false},"excerpt":{"rendered":"<p>Splende ormai il sole anche in Valbormida, dopo il nevischio delle primissime ore di questa mattina trasformatosi, gi\u00e0 prima di pranzo, in pioggia. L&#8217;annuncio di una perturbazione pi\u00f9 lieve di quella della settimana scorsa si \u00e8 tradotta con un passaggio veloce del maltempo per lasciare spazio a condizioni climatiche favorevoli. Per domani i meteorologi del [&hellip;]<\/p>\n","protected":false},"author":13744,"featured_media":0,"comment_status":"open","ping_status":"closed","sticky":false,"template":"","format":"standard","meta":{"footnotes":""},"categories":[34],"tags":[651,652,598,19482,820],"class_list":["post-233592","post","type-post","status-publish","format-standard","hentry","category-cronaca","tag-maltempo","tag-meteo","tag-neve","tag-previsioni-meteo","tag-valbormida","post_cat_citta-cairo-montenotte"],"amp_validity":null,"amp_enabled":true,"_links":{"self":[{"href":"https:\/\/staging.ivg.it\/ediapi\/wp\/v2\/posts\/233592","targetHints":{"allow":["GET"]}}],"collection":[{"href":"https:\/\/staging.ivg.it\/ediapi\/wp\/v2\/posts"}],"about":[{"href":"https:\/\/staging.ivg.it\/ediapi\/wp\/v2\/types\/post"}],"author":[{"embeddable":true,"href":"https:\/\/staging.ivg.it\/ediapi\/wp\/v2\/users\/13744"}],"replies":[{"embeddable":true,"href":"https:\/\/staging.ivg.it\/ediapi\/wp\/v2\/comments?post=233592"}],"version-history":[{"count":0,"href":"https:\/\/staging.ivg.it\/ediapi\/wp\/v2\/posts\/233592\/revisions"}],"wp:attachment":[{"href":"https:\/\/staging.ivg.it\/ediapi\/wp\/v2\/media?parent=233592"}],"wp:term":[{"taxonomy":"category","embeddable":true,"href":"https:\/\/staging.ivg.it\/ediapi\/wp\/v2\/categories?post=233592"},{"taxonomy":"post_tag","embeddable":true,"href":"https:\/\/staging.ivg.it\/ediapi\/wp\/v2\/tags?post=233592"}],"curies":[{"name":"wp","href":"https:\/\/api.w.org\/{rel}","templated":true}]}}