{"id":233387,"date":"2013-01-24T15:09:25","date_gmt":"2013-01-24T14:09:25","guid":{"rendered":"http:\/\/www.ivg.it\/?p=233387"},"modified":"2013-01-25T08:01:07","modified_gmt":"2013-01-25T07:01:07","slug":"neve-ed-emergenza-strade-replica-di-briano-a-schneck-in-materia-di-viabilita-la-provincia-latita","status":"publish","type":"post","link":"https:\/\/staging.ivg.it\/2013\/01\/neve-ed-emergenza-strade-replica-di-briano-a-schneck-in-materia-di-viabilita-la-provincia-latita\/","title":{"rendered":"Neve ed emergenza strade, replica di Briano a Schneck: &#8220;In materia di viabilit\u00e0 la Provincia latita&#8221;"},"content":{"rendered":"<p><strong>Cairo M.<\/strong> I disagi in Valbormida di ieri, dovuti all&#8217;emergenza neve, fanno scoppiare la polemica tra l&#8217;assessore della Provincia, Roberto Schneck, e il sindaco di Cairo Montenotte, Fulvio Briano, con un botta e risposta in cui l&#8217;assessore ha respinto al mittente le accuse di non aver saputo gestire la difficile situazione che si \u00e8 venuta a creare sulle strade.<\/p>\n<p>L&#8217;ultimo capitolo appartiene al primo cittadino cairese, che sottolinea: &#8220;Leggo con estremo stupore le dichiarazioni dell&#8217;estinguendo assessore Schneck relativamente a quanto accaduto tra ieri ed oggi in Localit\u00e0 Ferrania a Cairo &#8211; dice Briano &#8211; Tutti i residenti delle frazioni di Bragno e Ferrania sanno benissimo quali sono stati i disagi provocati sulla SP36 dalla totale assenza di mezzi sgombera neve della Provincia&#8221;.<\/p>\n<p>&#8220;Come riconosciuto dal cantoniere responsabile per quel tratto di strada, geometra Zerbini, che \u00e8 un dipendente dell&#8217;assessore Schneck, i mezzi della ditta appaltatrice Fratelli Belle&#8217; di Cosseria sono stati dirottati, su ordine della Provincia stessa, su situazioni di emergenza in altri tratti di strada fuori dal territorio comunale &#8211; continua Briano &#8211; Di tutto questo l&#8217;amministrazione comunale \u00e8 stata lasciata all&#8217;oscuro fino a stamani quando ormai, a strada aperta, si era bloccato un TIR spagnolo che la aveva imboccata&#8221;.<\/p>\n<p>&#8220;L&#8217;appaltatore, che \u00e8 lo stesso che si \u00e8 aggiudicato il tratto di strada comunale nonch\u00e9 viene pagato dal Comune anche per liberare il tratto viario che collega Ferrania a localit\u00e0 Vispa (strada non comunale), ha pertanto omesso qualsivoglia pulizia delle strade fino alle 10,30 di questa mattina dopo che \u00e8 stato richiamato ai propri doveri dalla polizia municipale di Cairo Montenotte. Per questo la polizia municipale di Cairo ha aperto un fascicolo e mi auguro che il signor assessore vorr\u00e0 usare meno arroganza e non per questo tacciare di stravaganza dei pubblici ufficiali&#8221;.<\/p>\n<p>&#8220;Il mio intervento e la segnalazione scritta partita oggi dai Servizi Comunali era semplicemente rivolto a chiedere maggior rispetto e maggiore collaborazione da parte della Provincia che spesso in Valbormida, in materia di viabilit\u00e0, ha bisogno di essere richiamata ai propri doveri di servizio. Il caso della Variante della Strada della Volta ne \u00e8 un esempio: decisa e finanziata in seguito all&#8217;accordo di programma Ferrania del 2008, rimane quattro anni nel cassetto e solo dopo qualche articolo di giornale e ben tre diversi assessori provinciali finalmente l&#8217;appalto&#8221; conclude Briano.<\/p>\n","protected":false},"excerpt":{"rendered":"<p>Cairo M. I disagi in Valbormida di ieri, dovuti all&#8217;emergenza neve, fanno scoppiare la polemica tra l&#8217;assessore della Provincia, Roberto Schneck, e il sindaco di Cairo Montenotte, Fulvio Briano, con un botta e risposta in cui l&#8217;assessore ha respinto al mittente le accuse di non aver saputo gestire la difficile situazione che si \u00e8 venuta [&hellip;]<\/p>\n","protected":false},"author":13744,"featured_media":0,"comment_status":"open","ping_status":"closed","sticky":false,"template":"","format":"standard","meta":{"footnotes":""},"categories":[34,31],"tags":[151,7942,2771,598,3039],"class_list":["post-233387","post","type-post","status-publish","format-standard","hentry","category-cronaca","category-politica","tag-cairo","tag-emergenza-neve","tag-fulvio-briano","tag-neve","tag-roberto-schneck","post_cat_citta-cairo-montenotte"],"amp_validity":null,"amp_enabled":true,"_links":{"self":[{"href":"https:\/\/staging.ivg.it\/ediapi\/wp\/v2\/posts\/233387","targetHints":{"allow":["GET"]}}],"collection":[{"href":"https:\/\/staging.ivg.it\/ediapi\/wp\/v2\/posts"}],"about":[{"href":"https:\/\/staging.ivg.it\/ediapi\/wp\/v2\/types\/post"}],"author":[{"embeddable":true,"href":"https:\/\/staging.ivg.it\/ediapi\/wp\/v2\/users\/13744"}],"replies":[{"embeddable":true,"href":"https:\/\/staging.ivg.it\/ediapi\/wp\/v2\/comments?post=233387"}],"version-history":[{"count":0,"href":"https:\/\/staging.ivg.it\/ediapi\/wp\/v2\/posts\/233387\/revisions"}],"wp:attachment":[{"href":"https:\/\/staging.ivg.it\/ediapi\/wp\/v2\/media?parent=233387"}],"wp:term":[{"taxonomy":"category","embeddable":true,"href":"https:\/\/staging.ivg.it\/ediapi\/wp\/v2\/categories?post=233387"},{"taxonomy":"post_tag","embeddable":true,"href":"https:\/\/staging.ivg.it\/ediapi\/wp\/v2\/tags?post=233387"}],"curies":[{"name":"wp","href":"https:\/\/api.w.org\/{rel}","templated":true}]}}