{"id":233343,"date":"2013-01-23T17:47:14","date_gmt":"2013-01-23T16:47:14","guid":{"rendered":"http:\/\/www.ivg.it\/?p=233343"},"modified":"2013-01-24T08:27:40","modified_gmt":"2013-01-24T07:27:40","slug":"neve-riaperta-la-statale-del-cadibona-code-sulla6","status":"publish","type":"post","link":"https:\/\/staging.ivg.it\/2013\/01\/neve-riaperta-la-statale-del-cadibona-code-sulla6\/","title":{"rendered":"Neve: riaperta la statale del Cadibona, code sull&#8217;A6"},"content":{"rendered":"<p><strong>Provincia<\/strong>. L&#8217;autostrada Torino-Savona rimane ancora interdetta ai mezzi sopra le 7,5 tonnellate, che vengono fermati ad Altare, per chi viaggia verso Torino, e a Priero, in direzione Savona. L&#8217;A6 \u00e8 aperta ai mezzi privati, ma si segnalano code lunghe, anche di 45 minuti. Il tratto pi\u00f9 critico \u00e8 all&#8217;altezza di Altare.<\/p>\n<p>E&#8217; stata invece riaperta alla circolazione la statale del Cadibona, ora percorsa dai veicoli. La polizia municipale raccomanda prudenza a causa di pioggia e nevischio. Rimarranno le pattuglie a presidiare e monitorare, sia a monte che a valle, con &#8220;rischio&#8221; di sanzioni per i conducenti sprovvisti di catene o pneumatici da neve.\u00a0Tpl ha deciso di sospendere le linee di collegamento con la Valbormida e tra le localit\u00e0 della valle flagellata dalla neve.<\/p>\n<p>Tornando all&#8217;A6, alcuni automobilisti sono rimasti letteralmente bloccati nel pomeriggio, sulle corsie imbiancate. Sui social network sono fioccate &#8211; \u00e8 il caso di dirlo &#8211; critiche sull&#8217;impiego dell&#8217;allerta meteo, rivelatosi improprio la scorsa settimana e auspicabile per la giornata di oggi, quando, invece, nessun avviso \u00e8 stato inoltrato.<\/p>\n<p>Arpap e Protezione Civile in questo caso infatti non hanno emanato allerta, ma sull&#8217;autostrada la situazione si \u00e8 rivelata di emergenza. Le nevicate in zona valbormidese sono state pi\u00f9 continue e abbondanti del previsto. La convenzione meteorologica per la Torino-Savona, che serve per far uscire le segnalazioni di possibile emergenza, \u00e8 fra l&#8217;Arpap Piemonte (non Liguria) e Autostrade per l&#8217;Italia.<\/p>\n","protected":false},"excerpt":{"rendered":"<p>Provincia. L&#8217;autostrada Torino-Savona rimane ancora interdetta ai mezzi sopra le 7,5 tonnellate, che vengono fermati ad Altare, per chi viaggia verso Torino, e a Priero, in direzione Savona. L&#8217;A6 \u00e8 aperta ai mezzi privati, ma si segnalano code lunghe, anche di 45 minuti. Il tratto pi\u00f9 critico \u00e8 all&#8217;altezza di Altare. E&#8217; stata invece riaperta [&hellip;]<\/p>\n","protected":false},"author":13744,"featured_media":0,"comment_status":"open","ping_status":"closed","sticky":false,"template":"","format":"standard","meta":{"footnotes":""},"categories":[34],"tags":[651,652,598,820],"class_list":["post-233343","post","type-post","status-publish","format-standard","hentry","category-cronaca","tag-maltempo","tag-meteo","tag-neve","tag-valbormida","post_cat_citta-altare","post_cat_citta-andora","post_cat_citta-millesimo","post_cat_citta-savona"],"amp_validity":null,"amp_enabled":true,"_links":{"self":[{"href":"https:\/\/staging.ivg.it\/ediapi\/wp\/v2\/posts\/233343","targetHints":{"allow":["GET"]}}],"collection":[{"href":"https:\/\/staging.ivg.it\/ediapi\/wp\/v2\/posts"}],"about":[{"href":"https:\/\/staging.ivg.it\/ediapi\/wp\/v2\/types\/post"}],"author":[{"embeddable":true,"href":"https:\/\/staging.ivg.it\/ediapi\/wp\/v2\/users\/13744"}],"replies":[{"embeddable":true,"href":"https:\/\/staging.ivg.it\/ediapi\/wp\/v2\/comments?post=233343"}],"version-history":[{"count":0,"href":"https:\/\/staging.ivg.it\/ediapi\/wp\/v2\/posts\/233343\/revisions"}],"wp:attachment":[{"href":"https:\/\/staging.ivg.it\/ediapi\/wp\/v2\/media?parent=233343"}],"wp:term":[{"taxonomy":"category","embeddable":true,"href":"https:\/\/staging.ivg.it\/ediapi\/wp\/v2\/categories?post=233343"},{"taxonomy":"post_tag","embeddable":true,"href":"https:\/\/staging.ivg.it\/ediapi\/wp\/v2\/tags?post=233343"}],"curies":[{"name":"wp","href":"https:\/\/api.w.org\/{rel}","templated":true}]}}