{"id":232952,"date":"2013-01-16T15:21:02","date_gmt":"2013-01-16T14:21:02","guid":{"rendered":"http:\/\/www.ivg.it\/?p=232952"},"modified":"2013-01-16T18:52:16","modified_gmt":"2013-01-16T17:52:16","slug":"italia-nostra-fai-e-consulta-savonese-su-valdemino-i-progettisti-hanno-collocato-le-grotte-nel-posto-sbagliato","status":"publish","type":"post","link":"https:\/\/staging.ivg.it\/2013\/01\/italia-nostra-fai-e-consulta-savonese-su-valdemino-i-progettisti-hanno-collocato-le-grotte-nel-posto-sbagliato\/","title":{"rendered":"Italia Nostra, Fai e Consulta Savonese su Valdemino: &#8220;I progettisti hanno &#8216;collocato&#8217; le grotte nel posto sbagliato&#8221;"},"content":{"rendered":"<p><strong>Borgio Verezzi<\/strong>. Italia Nostra, Fai e Consulta Culturale Savonese hanno depositato oggi le osservazioni al progetto edilizio che interessa l&#8217;area delle grotte di Valdemino, a Borgio Verezzi, dove sono previste quattro unit\u00e0 immobiliari per un totale di 24 appartamenti e un&#8217;autorimessa interrata e dove si inserisce anche un&#8217;operazione di riqualificazione pubblica.<\/p>\n<p>Le associazioni sottolineano, in particolare, l&#8217;aspetto della caratterizzazione carsica del sito: &#8220;C\u2019\u00e8 una legge nazionale che proibisce di costruire sulle grotte; nel progetto le grotte sono state disegnate in modo errato, un po\u2019 spostate da dove sono realmente, perci\u00f2, sbadatamente, per i progettisti sembrerebbe possibile ci\u00f2 che non \u00e8 consentito dalla legge. Basta rimettere le grotte al posto loro, dove sono state per migliaia di anni, per constatare l\u2019impossibilit\u00e0 a proseguire nel progetto. Va anche sottolineato che il carsismo della zona non \u00e8 stato ancora totalmente indagato (es, Grotta Staricco ) per cui la prudenza nel modificare la crosta del terreno deve essere massima&#8221;.<\/p>\n<p>Roberto Cuneo, Simonetta Chiarugi e Rinaldo Massucco, portavoci delle associazioni, evidenziano poi l&#8217;aspetto urbanistico: &#8220;Il progetto \u00e8 in contrasto con il piano vigente: si capisce l\u2019evidente interesse dei promotori ma non si capisce l\u2019interesse dell\u2019amministrazione e della collettivit\u00e0 a rinunciare a tutele che hanno consentito, fino ad oggi, a Borgio Verezzi di conservare aspetti paesaggistici, ormai purtroppo rari, validi per l\u2019oggi e per le generazioni future&#8221;.<\/p>\n<p>&#8220;Interventi di questo tipo &#8211; concludono &#8211; possono essere valutati nell\u2019ambito della redazione del nuovo piano regolatore e non possono essere approvati in deroga o variante per soddisfare interessi particolari e per avere quattro soldi di diritti urbanistici, buoni per qualche clientela dell\u2019oggi, ma irrilevanti rispetto al valore del paesaggio, per l\u2019oggi e per le generazioni future, di una zona particolarissima (grotte e borghi storici) della Liguria&#8221;.<\/p>\n","protected":false},"excerpt":{"rendered":"<p>Borgio Verezzi. Italia Nostra, Fai e Consulta Culturale Savonese hanno depositato oggi le osservazioni al progetto edilizio che interessa l&#8217;area delle grotte di Valdemino, a Borgio Verezzi, dove sono previste quattro unit\u00e0 immobiliari per un totale di 24 appartamenti e un&#8217;autorimessa interrata e dove si inserisce anche un&#8217;operazione di riqualificazione pubblica. Le associazioni sottolineano, in [&hellip;]<\/p>\n","protected":false},"author":13744,"featured_media":0,"comment_status":"open","ping_status":"closed","sticky":false,"template":"","format":"standard","meta":{"footnotes":""},"categories":[],"tags":[203,4967,2824,86163],"class_list":["post-232952","post","type-post","status-publish","format-standard","hentry","tag-borgio","tag-grotte","tag-italia-nostra","tag-verezzi","post_cat_citta-borgio-verezzi"],"amp_validity":null,"amp_enabled":true,"_links":{"self":[{"href":"https:\/\/staging.ivg.it\/ediapi\/wp\/v2\/posts\/232952","targetHints":{"allow":["GET"]}}],"collection":[{"href":"https:\/\/staging.ivg.it\/ediapi\/wp\/v2\/posts"}],"about":[{"href":"https:\/\/staging.ivg.it\/ediapi\/wp\/v2\/types\/post"}],"author":[{"embeddable":true,"href":"https:\/\/staging.ivg.it\/ediapi\/wp\/v2\/users\/13744"}],"replies":[{"embeddable":true,"href":"https:\/\/staging.ivg.it\/ediapi\/wp\/v2\/comments?post=232952"}],"version-history":[{"count":0,"href":"https:\/\/staging.ivg.it\/ediapi\/wp\/v2\/posts\/232952\/revisions"}],"wp:attachment":[{"href":"https:\/\/staging.ivg.it\/ediapi\/wp\/v2\/media?parent=232952"}],"wp:term":[{"taxonomy":"category","embeddable":true,"href":"https:\/\/staging.ivg.it\/ediapi\/wp\/v2\/categories?post=232952"},{"taxonomy":"post_tag","embeddable":true,"href":"https:\/\/staging.ivg.it\/ediapi\/wp\/v2\/tags?post=232952"}],"curies":[{"name":"wp","href":"https:\/\/api.w.org\/{rel}","templated":true}]}}