{"id":232944,"date":"2013-01-16T13:50:24","date_gmt":"2013-01-16T12:50:24","guid":{"rendered":"http:\/\/www.ivg.it\/?p=232944"},"modified":"2013-01-16T13:50:24","modified_gmt":"2013-01-16T12:50:24","slug":"regione-burlando-alloggi-studenti-raddoppiati-in-7-anni","status":"publish","type":"post","link":"https:\/\/staging.ivg.it\/2013\/01\/regione-burlando-alloggi-studenti-raddoppiati-in-7-anni\/","title":{"rendered":"Regione, Burlando: &#8220;Alloggi studenti raddoppiati in 7 anni&#8221;"},"content":{"rendered":"<p><strong>Regione<\/strong>. &#8220;Con i 120 posti letto creati in questo convento del Seicento e con la prossima apertura della residenza in salita Neve, entro l&#8217;anno avremo 1200 posti per studenti a Genova, raddoppiati in sette anni, un risultato importante&#8221;. Lo ha detto il presidente della Regione Claudio Burlando inaugurando stamani con l&#8217;assessore Pippo Rossetti la nuova residenza universitaria San Nicola, recuperata e restaurata con fondi di Regione, Miur e Arsu Liguria. <\/p>\n<p>&#8220;E&#8217; importante &#8211; ha aggiunto Burlando &#8211; perch\u00e9 l&#8217;ateneo comincia ad avere un&#8217;alta percentuale di fuori sede, anche dall&#8217;estero, e per una citt\u00e0 con tanti anziani \u00e8 un fattore positivo. Il programma continuer\u00e0 con altri interventi&#8221;. <\/p>\n","protected":false},"excerpt":{"rendered":"<p>Regione. &#8220;Con i 120 posti letto creati in questo convento del Seicento e con la prossima apertura della residenza in salita Neve, entro l&#8217;anno avremo 1200 posti per studenti a Genova, raddoppiati in sette anni, un risultato importante&#8221;. Lo ha detto il presidente della Regione Claudio Burlando inaugurando stamani con l&#8217;assessore Pippo Rossetti la nuova [&hellip;]<\/p>\n","protected":false},"author":13744,"featured_media":0,"comment_status":"open","ping_status":"closed","sticky":false,"template":"","format":"standard","meta":{"footnotes":""},"categories":[31],"tags":[284,295,654,424],"class_list":["post-232944","post","type-post","status-publish","format-standard","hentry","category-politica","tag-claudio-burlando","tag-regione","tag-studenti","tag-universita","post_cat_citta-andora"],"amp_validity":null,"amp_enabled":true,"_links":{"self":[{"href":"https:\/\/staging.ivg.it\/ediapi\/wp\/v2\/posts\/232944","targetHints":{"allow":["GET"]}}],"collection":[{"href":"https:\/\/staging.ivg.it\/ediapi\/wp\/v2\/posts"}],"about":[{"href":"https:\/\/staging.ivg.it\/ediapi\/wp\/v2\/types\/post"}],"author":[{"embeddable":true,"href":"https:\/\/staging.ivg.it\/ediapi\/wp\/v2\/users\/13744"}],"replies":[{"embeddable":true,"href":"https:\/\/staging.ivg.it\/ediapi\/wp\/v2\/comments?post=232944"}],"version-history":[{"count":0,"href":"https:\/\/staging.ivg.it\/ediapi\/wp\/v2\/posts\/232944\/revisions"}],"wp:attachment":[{"href":"https:\/\/staging.ivg.it\/ediapi\/wp\/v2\/media?parent=232944"}],"wp:term":[{"taxonomy":"category","embeddable":true,"href":"https:\/\/staging.ivg.it\/ediapi\/wp\/v2\/categories?post=232944"},{"taxonomy":"post_tag","embeddable":true,"href":"https:\/\/staging.ivg.it\/ediapi\/wp\/v2\/tags?post=232944"}],"curies":[{"name":"wp","href":"https:\/\/api.w.org\/{rel}","templated":true}]}}