{"id":232943,"date":"2013-01-16T13:48:00","date_gmt":"2013-01-16T12:48:00","guid":{"rendered":"http:\/\/www.ivg.it\/?p=232943"},"modified":"2013-01-16T13:48:00","modified_gmt":"2013-01-16T12:48:00","slug":"editoria-cesare-castelbarco-albani-e-il-nuovo-presidente-di-primocanale","status":"publish","type":"post","link":"https:\/\/staging.ivg.it\/2013\/01\/editoria-cesare-castelbarco-albani-e-il-nuovo-presidente-di-primocanale\/","title":{"rendered":"Editoria: Cesare Castelbarco Albani \u00e8 il nuovo presidente di Primocanale"},"content":{"rendered":"<p><strong>Genova<\/strong>. Cesare Castelbarco Albani \u00e8 il nuovo presidente di Primocanale in sostituzione di Maurizio Rossi, che si \u00e8 dimesso per candidarsi alle elezioni politiche nella lista del premier Mario Monti.<\/p>\n<p>Castelbarco Albani \u00e8 stato eletto all&#8217;unanimit\u00e0 dai soci dell&#8217;emittente televisiva ligure. Il nuovo presidente, ringraziando i soci per la fiducia dimostratagli, ha espresso &#8220;l&#8217;intenzione di salvaguardare rigorosamente l&#8217;indipendenza della televisione, assicurando, come sempre, il servizio di informazione a favore di tutta la comunit\u00e0 ligure&#8221;.<\/p>\n","protected":false},"excerpt":{"rendered":"<p>Genova. Cesare Castelbarco Albani \u00e8 il nuovo presidente di Primocanale in sostituzione di Maurizio Rossi, che si \u00e8 dimesso per candidarsi alle elezioni politiche nella lista del premier Mario Monti. Castelbarco Albani \u00e8 stato eletto all&#8217;unanimit\u00e0 dai soci dell&#8217;emittente televisiva ligure. Il nuovo presidente, ringraziando i soci per la fiducia dimostratagli, ha espresso &#8220;l&#8217;intenzione di [&hellip;]<\/p>\n","protected":false},"author":13744,"featured_media":0,"comment_status":"open","ping_status":"closed","sticky":false,"template":"","format":"standard","meta":{"footnotes":""},"categories":[35],"tags":[915,3723,987],"class_list":["post-232943","post","type-post","status-publish","format-standard","hentry","category-economia","tag-informazione","tag-primocanale","tag-tv","post_cat_citta-andora"],"amp_validity":null,"amp_enabled":true,"_links":{"self":[{"href":"https:\/\/staging.ivg.it\/ediapi\/wp\/v2\/posts\/232943","targetHints":{"allow":["GET"]}}],"collection":[{"href":"https:\/\/staging.ivg.it\/ediapi\/wp\/v2\/posts"}],"about":[{"href":"https:\/\/staging.ivg.it\/ediapi\/wp\/v2\/types\/post"}],"author":[{"embeddable":true,"href":"https:\/\/staging.ivg.it\/ediapi\/wp\/v2\/users\/13744"}],"replies":[{"embeddable":true,"href":"https:\/\/staging.ivg.it\/ediapi\/wp\/v2\/comments?post=232943"}],"version-history":[{"count":0,"href":"https:\/\/staging.ivg.it\/ediapi\/wp\/v2\/posts\/232943\/revisions"}],"wp:attachment":[{"href":"https:\/\/staging.ivg.it\/ediapi\/wp\/v2\/media?parent=232943"}],"wp:term":[{"taxonomy":"category","embeddable":true,"href":"https:\/\/staging.ivg.it\/ediapi\/wp\/v2\/categories?post=232943"},{"taxonomy":"post_tag","embeddable":true,"href":"https:\/\/staging.ivg.it\/ediapi\/wp\/v2\/tags?post=232943"}],"curies":[{"name":"wp","href":"https:\/\/api.w.org\/{rel}","templated":true}]}}