{"id":232737,"date":"2013-01-11T18:41:34","date_gmt":"2013-01-11T17:41:34","guid":{"rendered":"http:\/\/www.ivg.it\/?p=232737"},"modified":"2013-01-11T18:56:51","modified_gmt":"2013-01-11T17:56:51","slug":"animali-le-associazioni-chiedono-proroga-su-ordinanza-per-anagrafe-canina","status":"publish","type":"post","link":"https:\/\/staging.ivg.it\/2013\/01\/animali-le-associazioni-chiedono-proroga-su-ordinanza-per-anagrafe-canina\/","title":{"rendered":"Animali, le associazioni chiedono proroga su ordinanza per anagrafe canina"},"content":{"rendered":"<p><strong>Liguria.<\/strong> Reiterare l&#8217;ordinanza per l&#8217;identificazione e la registrazione della popolazione canina, che scadr\u00e0 il 25 febbraio prossimo. Lo chiedono, con una lettera al ministro della Salute Renato Balduzzi e al sottosegretario Adelfio Elio Cardinale, i presidenti delle associazioni animaliste aderenti alla Federazione italiana associazioni diritti animali e ambiente (tra cui Enpa, Lav, Leidaa, Lndc, Oipa, Chiliamacisegua, Noi Animali Onlus, Sos Levrieri, Eolo a 4 Zampe, Amici Animali). <\/p>\n<p>L&#8217;inoculazione del microchip &#8220;riveste un ruolo imprescindibile in termini di prevenzione dell&#8217;abbandono, di tracciabilit\u00e0 degli animali e di contrasto al fenomeno conosciuto come traffico di cuccioli dall&#8217;Europa dell&#8217;Est&#8221;, spiegano le associazioni. Inoltre, il provvedimento che sta per scadere e che, secondo gli animalisti, dovrebbe essere sostituito da una legge, &#8220;ha il merito di dettare regole per l&#8217;identificazione e l&#8217;iscrizione in anagrafe uguali per tutti, superando finalmente la disomogeneit\u00e0 nelle direttive sul territorio nazionale, e di prevedere che i cuccioli debbano essere identificati tramite l&#8217;inoculazione del microchip entro i due mesi di vita. <\/p>\n<p>Cos\u00ec, in diversi casi, si abbattono i tempi di identificazione e si facilita la tracciabilit\u00e0 dei cani dei quali \u00e8 vietata la vendita se di et\u00e0 inferiore a 2 mesi e non identificati, una misura quest&#8217;ultima indispensabile per il loro benessere etologico&#8221;. In attesa di una legge &#8220;che ne ricalchi i contenuti e li renda non pi\u00f9 vincolati a continue reiterazioni di provvedimenti a efficacia limitata nel tempo&#8221;, la Federazione chiede dunque, &#8220;per evitare dannosi vuoti normativi&#8221;, la reiterazione dell&#8217;ordinanza.<\/p>\n","protected":false},"excerpt":{"rendered":"<p>Liguria. Reiterare l&#8217;ordinanza per l&#8217;identificazione e la registrazione della popolazione canina, che scadr\u00e0 il 25 febbraio prossimo. Lo chiedono, con una lettera al ministro della Salute Renato Balduzzi e al sottosegretario Adelfio Elio Cardinale, i presidenti delle associazioni animaliste aderenti alla Federazione italiana associazioni diritti animali e ambiente (tra cui Enpa, Lav, Leidaa, Lndc, Oipa, [&hellip;]<\/p>\n","protected":false},"author":13744,"featured_media":0,"comment_status":"open","ping_status":"closed","sticky":false,"template":"","format":"standard","meta":{"footnotes":""},"categories":[],"tags":[1894,1180,436],"class_list":["post-232737","post","type-post","status-publish","format-standard","hentry","tag-animali","tag-cani","tag-enpa","post_cat_citta-andora"],"amp_validity":null,"amp_enabled":true,"_links":{"self":[{"href":"https:\/\/staging.ivg.it\/ediapi\/wp\/v2\/posts\/232737","targetHints":{"allow":["GET"]}}],"collection":[{"href":"https:\/\/staging.ivg.it\/ediapi\/wp\/v2\/posts"}],"about":[{"href":"https:\/\/staging.ivg.it\/ediapi\/wp\/v2\/types\/post"}],"author":[{"embeddable":true,"href":"https:\/\/staging.ivg.it\/ediapi\/wp\/v2\/users\/13744"}],"replies":[{"embeddable":true,"href":"https:\/\/staging.ivg.it\/ediapi\/wp\/v2\/comments?post=232737"}],"version-history":[{"count":0,"href":"https:\/\/staging.ivg.it\/ediapi\/wp\/v2\/posts\/232737\/revisions"}],"wp:attachment":[{"href":"https:\/\/staging.ivg.it\/ediapi\/wp\/v2\/media?parent=232737"}],"wp:term":[{"taxonomy":"category","embeddable":true,"href":"https:\/\/staging.ivg.it\/ediapi\/wp\/v2\/categories?post=232737"},{"taxonomy":"post_tag","embeddable":true,"href":"https:\/\/staging.ivg.it\/ediapi\/wp\/v2\/tags?post=232737"}],"curies":[{"name":"wp","href":"https:\/\/api.w.org\/{rel}","templated":true}]}}