{"id":232654,"date":"2013-01-10T14:40:35","date_gmt":"2013-01-10T13:40:35","guid":{"rendered":"http:\/\/www.ivg.it\/?p=232654"},"modified":"2013-06-29T18:39:44","modified_gmt":"2013-06-29T16:39:44","slug":"scuola-di-canto-ad-albenga-prime-audizioni-davanti-a-danila-satragno-a-caccia-di-una-nuova-annalisa-scarrone","status":"publish","type":"post","link":"https:\/\/staging.ivg.it\/2013\/01\/scuola-di-canto-ad-albenga-prime-audizioni-davanti-a-danila-satragno-a-caccia-di-una-nuova-annalisa-scarrone\/","title":{"rendered":"Scuola di canto ad Albenga, prime audizioni davanti a Danila Satragno: a caccia di una nuova Annalisa Scarrone"},"content":{"rendered":"<p><strong>Albenga.<\/strong> L&#8217;annuncio era stato dato il 28 dicembre scorso, in occasione della visita di Annalisa Scarrone ad Albenga su invito dei &#8220;Fieui di caruggi&#8221;. La cantante carcarese, ex protagonista di &#8220;Amici&#8221; e quest&#8217;anno debuttante al Festival di Sanremo, era arrivata sotto le torri accompagnata dalla sua vocal coach, Danila Satragno, che aveva annunciato l&#8217;apertura di una scuola di canto proprio sul suolo ingauno.<\/p>\n<p>La scuola dovrebbe partire entro i primi mesi di quest&#8217;anno e trovare sede a Palazzo Oddo. E sar\u00e0 proprio qui che il prossimo 20 gennaio si terranno le prime audizioni ufficiali. Satragno, gi\u00e0 vocal coach di grandi nomi della musica italiana come Ornella Vanoni, selezioner\u00e0 i talenti che si esibiranno davanti a lei a partire dalle ore 14,30.<\/p>\n<p>\u201cSono contenta perch\u00e9 ad Albenga ho trovato due angeli custodi, il sindaco, che ha fin dal primo momento accolto la nostra proposta e si \u00e8 messa all\u2019opera per trovarci una sede, e l\u2019amico Gino Rapa, sempre disponibile\u201d aveva detto Satragno nel corso della visita del 28 dicembre scorso. Ora quel progetto sembra diventare sempre pi\u00f9 concreto.<\/p>\n","protected":false},"excerpt":{"rendered":"<p>Albenga. L&#8217;annuncio era stato dato il 28 dicembre scorso, in occasione della visita di Annalisa Scarrone ad Albenga su invito dei &#8220;Fieui di caruggi&#8221;. La cantante carcarese, ex protagonista di &#8220;Amici&#8221; e quest&#8217;anno debuttante al Festival di Sanremo, era arrivata sotto le torri accompagnata dalla sua vocal coach, Danila Satragno, che aveva annunciato l&#8217;apertura di [&hellip;]<\/p>\n","protected":false},"author":4381,"featured_media":0,"comment_status":"open","ping_status":"closed","sticky":false,"template":"","format":"standard","meta":{"footnotes":""},"categories":[],"tags":[85841,27621,5775],"class_list":["post-232654","post","type-post","status-publish","format-standard","hentry","tag-albenga","tag-annalisa-scarrone","tag-danila-satragno","post_cat_citta-albenga"],"amp_validity":null,"amp_enabled":true,"_links":{"self":[{"href":"https:\/\/staging.ivg.it\/ediapi\/wp\/v2\/posts\/232654","targetHints":{"allow":["GET"]}}],"collection":[{"href":"https:\/\/staging.ivg.it\/ediapi\/wp\/v2\/posts"}],"about":[{"href":"https:\/\/staging.ivg.it\/ediapi\/wp\/v2\/types\/post"}],"author":[{"embeddable":true,"href":"https:\/\/staging.ivg.it\/ediapi\/wp\/v2\/users\/4381"}],"replies":[{"embeddable":true,"href":"https:\/\/staging.ivg.it\/ediapi\/wp\/v2\/comments?post=232654"}],"version-history":[{"count":0,"href":"https:\/\/staging.ivg.it\/ediapi\/wp\/v2\/posts\/232654\/revisions"}],"wp:attachment":[{"href":"https:\/\/staging.ivg.it\/ediapi\/wp\/v2\/media?parent=232654"}],"wp:term":[{"taxonomy":"category","embeddable":true,"href":"https:\/\/staging.ivg.it\/ediapi\/wp\/v2\/categories?post=232654"},{"taxonomy":"post_tag","embeddable":true,"href":"https:\/\/staging.ivg.it\/ediapi\/wp\/v2\/tags?post=232654"}],"curies":[{"name":"wp","href":"https:\/\/api.w.org\/{rel}","templated":true}]}}