{"id":23254,"date":"2008-04-01T11:00:38","date_gmt":"2008-04-01T09:00:38","guid":{"rendered":"http:\/\/www.ivg.it\/2008\/04\/01\/incendi-boschivi-limprudenza-allorigine-del-pericolo\/"},"modified":"2008-04-01T17:32:32","modified_gmt":"2008-04-01T15:32:32","slug":"incendi-boschivi-limprudenza-allorigine-del-pericolo","status":"publish","type":"post","link":"https:\/\/staging.ivg.it\/2008\/04\/incendi-boschivi-limprudenza-allorigine-del-pericolo\/","title":{"rendered":"Incendi boschivi: l&#8217;imprudenza all&#8217;origine del pericolo"},"content":{"rendered":"<p><strong>[thumb:689:l]Provincia<\/strong>. Tre incendi boschivi in due giorni fra le Albisole e Stella. Il sospetto dell&#8217;origine colposa grava sui roghi, che sarebbero da imputarsi all&#8217;imprudenza di agricoltori che hanno acceso fuochi per bruciare residui vegetali. Ieri due ettari di vegetazione sono andati in fumo ad Ellera, in localit\u00e0 Piantavigna. Secondo le ipotesi del Corpo forestale, le fiamme sarebbero sfuggite ad un contadino che stava facendo pulizie sul proprio terreno e aveva appiccato il fuoco ad una catasta di rovi. &#8220;E&#8217; vietato, salvo espresse autorizzazioni, accendere fuochi per bruciare sterpaglie a meno di 50 metri dai boschi &#8211; sottolineano i responsabili del WWF di Savona, stigmatizzando la mancanza di cautele &#8211; E&#8217; sempre vietato accendere fuochi per altri motivi, ad esempio per cuocere vivande, a meno di 100 metri dal bosco, salvo speciali deroghe. Mai accendere fuochi di notte, quando c&#8217;\u00e8 vento, con lo &#8216;stato di grave pericolosit\u00e0&#8217;. Esistono sanzioni salate. Manca, evidentemente, il buon senso e la dovuta prudenza di alcuni&#8221;.<br \/>\nL&#8217;esperienza insegna, soprattutto a chi opera nella vigilanza ambientale, che la sicurezza nel maneggiare il fuoco non \u00e8 mai abbastanza. &#8220;Tre incendi in due giorni dimostrerebbero per\u00f2 che la fatalit\u00e0, associata all&#8217;eccessiva fiducia in se stessi, e l&#8217;imprudenza, \u00e8 sempre in agguato e, quando colpisce, provoca danni ingenti e conseguenze spiacevoli per tutti &#8211; osservano dal WWF &#8211; Chi accende un fuoco al di fuori delle regole \u00e8 sempre nelle condizioni potenziali di causare un incendio, che non solo distrugger\u00e0 del bosco, ma costituir\u00e0 un pericolo gravissimo anche per la pubblica incolumit\u00e0 e per chi dovr\u00e0 intervenire per spegnerlo. In Provincia di Savona, \u00e8 bene ricordarlo, sono caduti, negli ultimi anni, ben due Canadair e sette sono stati i morti uccisi, direttamente o indirettamente, dal fuoco. Le conseguenze civili e penali per i responsabili sono inoltre sempre molto pesanti. Col fuoco non si scherza&#8221;.<\/p>\n","protected":false},"excerpt":{"rendered":"<p>[thumb:689:l]Provincia. Tre incendi boschivi in due giorni fra le Albisole e Stella. Il sospetto dell&#8217;origine colposa grava sui roghi, che sarebbero da imputarsi all&#8217;imprudenza di agricoltori che hanno acceso fuochi per bruciare residui vegetali. Ieri due ettari di vegetazione sono andati in fumo ad Ellera, in localit\u00e0 Piantavigna. Secondo le ipotesi del Corpo forestale, le [&hellip;]<\/p>\n","protected":false},"author":13744,"featured_media":0,"comment_status":"open","ping_status":"closed","sticky":false,"template":"","format":"standard","meta":{"footnotes":""},"categories":[34],"tags":[],"class_list":["post-23254","post","type-post","status-publish","format-standard","hentry","category-cronaca","post_cat_citta-albisola-superiore","post_cat_citta-andora","post_cat_citta-stella"],"amp_validity":null,"amp_enabled":true,"_links":{"self":[{"href":"https:\/\/staging.ivg.it\/ediapi\/wp\/v2\/posts\/23254","targetHints":{"allow":["GET"]}}],"collection":[{"href":"https:\/\/staging.ivg.it\/ediapi\/wp\/v2\/posts"}],"about":[{"href":"https:\/\/staging.ivg.it\/ediapi\/wp\/v2\/types\/post"}],"author":[{"embeddable":true,"href":"https:\/\/staging.ivg.it\/ediapi\/wp\/v2\/users\/13744"}],"replies":[{"embeddable":true,"href":"https:\/\/staging.ivg.it\/ediapi\/wp\/v2\/comments?post=23254"}],"version-history":[{"count":0,"href":"https:\/\/staging.ivg.it\/ediapi\/wp\/v2\/posts\/23254\/revisions"}],"wp:attachment":[{"href":"https:\/\/staging.ivg.it\/ediapi\/wp\/v2\/media?parent=23254"}],"wp:term":[{"taxonomy":"category","embeddable":true,"href":"https:\/\/staging.ivg.it\/ediapi\/wp\/v2\/categories?post=23254"},{"taxonomy":"post_tag","embeddable":true,"href":"https:\/\/staging.ivg.it\/ediapi\/wp\/v2\/tags?post=23254"}],"curies":[{"name":"wp","href":"https:\/\/api.w.org\/{rel}","templated":true}]}}