{"id":232063,"date":"2012-12-31T13:52:08","date_gmt":"2012-12-31T12:52:08","guid":{"rendered":"http:\/\/www.ivg.it\/?p=232063"},"modified":"2012-12-31T13:52:08","modified_gmt":"2012-12-31T12:52:08","slug":"marocchino-arrestato-per-stalking-sara-interrogato-mercoledi","status":"publish","type":"post","link":"https:\/\/staging.ivg.it\/2012\/12\/marocchino-arrestato-per-stalking-sara-interrogato-mercoledi\/","title":{"rendered":"Marocchino arrestato per stalking: sar\u00e0 interrogato mercoled\u00ec"},"content":{"rendered":"<p><strong>Ceriale<\/strong>. Si terr\u00e0 mercoled\u00ec 2 gennaio l&#8217;interrogatorio del 24enne di nazionalit\u00e0 marocchina finito in manette con l&#8217;accusa di stalking nei confronti di una 30enne di Ceriale.<\/p>\n<p>Secondo l&#8217;accusa l&#8217;uomo, arrestato in esecuzione di un&#8217;ordinanza di custodia cautelare in carcere, molestava la donna da qualche tempo. Era stata la stessa presunta vittima a presentare il mese scorso una denuncia ai carabinieri di Albenga.<\/p>\n<p>I militari ingauni avevano cos\u00ec avviato un&#8217;indagine che ha portato poi all&#8217;arresto dell&#8217;uomo, che vive nella Piana di Albenga. Il giovane, in un&#8217;occasione, era anche entrato nell&#8217;abitazione della giovane rubandole una fotografia, motivo per il quale \u00e8 anche accusato di furto. Oltre a questo episodio ci sarebbero stati poi diversi pedinamenti, sms e telefonate a tutte le ore del giorno.<\/p>\n","protected":false},"excerpt":{"rendered":"<p>Ceriale. Si terr\u00e0 mercoled\u00ec 2 gennaio l&#8217;interrogatorio del 24enne di nazionalit\u00e0 marocchina finito in manette con l&#8217;accusa di stalking nei confronti di una 30enne di Ceriale. Secondo l&#8217;accusa l&#8217;uomo, arrestato in esecuzione di un&#8217;ordinanza di custodia cautelare in carcere, molestava la donna da qualche tempo. Era stata la stessa presunta vittima a presentare il mese [&hellip;]<\/p>\n","protected":false},"author":13744,"featured_media":0,"comment_status":"open","ping_status":"closed","sticky":false,"template":"","format":"standard","meta":{"footnotes":""},"categories":[34],"tags":[85855,3857,6117,2170],"class_list":["post-232063","post","type-post","status-publish","format-standard","hentry","category-cronaca","tag-ceriale","tag-interrogatorio","tag-stalking","tag-tribunale","post_cat_citta-ceriale"],"amp_validity":null,"amp_enabled":true,"_links":{"self":[{"href":"https:\/\/staging.ivg.it\/ediapi\/wp\/v2\/posts\/232063","targetHints":{"allow":["GET"]}}],"collection":[{"href":"https:\/\/staging.ivg.it\/ediapi\/wp\/v2\/posts"}],"about":[{"href":"https:\/\/staging.ivg.it\/ediapi\/wp\/v2\/types\/post"}],"author":[{"embeddable":true,"href":"https:\/\/staging.ivg.it\/ediapi\/wp\/v2\/users\/13744"}],"replies":[{"embeddable":true,"href":"https:\/\/staging.ivg.it\/ediapi\/wp\/v2\/comments?post=232063"}],"version-history":[{"count":0,"href":"https:\/\/staging.ivg.it\/ediapi\/wp\/v2\/posts\/232063\/revisions"}],"wp:attachment":[{"href":"https:\/\/staging.ivg.it\/ediapi\/wp\/v2\/media?parent=232063"}],"wp:term":[{"taxonomy":"category","embeddable":true,"href":"https:\/\/staging.ivg.it\/ediapi\/wp\/v2\/categories?post=232063"},{"taxonomy":"post_tag","embeddable":true,"href":"https:\/\/staging.ivg.it\/ediapi\/wp\/v2\/tags?post=232063"}],"curies":[{"name":"wp","href":"https:\/\/api.w.org\/{rel}","templated":true}]}}