{"id":232062,"date":"2012-12-31T13:46:16","date_gmt":"2012-12-31T12:46:16","guid":{"rendered":"http:\/\/www.ivg.it\/?p=232062"},"modified":"2013-01-02T08:10:18","modified_gmt":"2013-01-02T07:10:18","slug":"donna-accoltellata-a-finale-mercoledi-linterrogatorio-di-adriano-ponzo","status":"publish","type":"post","link":"https:\/\/staging.ivg.it\/2012\/12\/donna-accoltellata-a-finale-mercoledi-linterrogatorio-di-adriano-ponzo\/","title":{"rendered":"Donna accoltellata a Finale, mercoled\u00ec l&#8217;interrogatorio di Adriano Ponzo"},"content":{"rendered":"<p><strong>Finale Ligure<\/strong>. E&#8217; stato fissato l&#8217;interrogatorio di Adriano Ponzo, l&#8217;uomo che ieri ha accoltellato alla schiena una donna di 61 anni, Rosanna G., nella sua abitazione in via della Pineta a Finale Ligure. L&#8217;uomo \u00e8 stato convocato davanti al gip Fiorenza Giorgi per la mattinata di mercoled\u00ec 2 gennaio.<\/p>\n<p>Dopo l&#8217;aggressione \u00e8 stata la stessa vittima ad informare i carabinieri sull&#8217;identit\u00e0 dell&#8217;uomo che le ha inferto la coltellata. Ponzo, finalese di 46 anni, disoccupato ed incensurato, \u00e8 stato fermato dai carabinieri intorno alle 16 sull&#8217;Aurelia a Loano, dove nell&#8217;ultimo periodo era domiciliato. Per ora non ha fornito alcuna spiegazione del suo gesto e, secondo quanto trapelato, da quando \u00e8 stato fermato \u00e8 rimasto in silenzio.<\/p>\n<p>L&#8217;uomo dovr\u00e0 rispondere delle accuse di tentato omicidio e rapina, dato che addosso i militari gli hanno trovato alcuni oggetti in oro, anelli e catenine, appartenenti alla vittima dell&#8217;aggressione.<\/p>\n","protected":false},"excerpt":{"rendered":"<p>Finale Ligure. E&#8217; stato fissato l&#8217;interrogatorio di Adriano Ponzo, l&#8217;uomo che ieri ha accoltellato alla schiena una donna di 61 anni, Rosanna G., nella sua abitazione in via della Pineta a Finale Ligure. L&#8217;uomo \u00e8 stato convocato davanti al gip Fiorenza Giorgi per la mattinata di mercoled\u00ec 2 gennaio. Dopo l&#8217;aggressione \u00e8 stata la stessa [&hellip;]<\/p>\n","protected":false},"author":13744,"featured_media":0,"comment_status":"open","ping_status":"closed","sticky":false,"template":"","format":"standard","meta":{"footnotes":""},"categories":[34],"tags":[43969,228,85844,2170],"class_list":["post-232062","post","type-post","status-publish","format-standard","hentry","category-cronaca","tag-adriano-ponzo","tag-carabinieri","tag-finale-ligure","tag-tribunale","post_cat_citta-finale-ligure","post_cat_citta-savona"],"amp_validity":null,"amp_enabled":true,"_links":{"self":[{"href":"https:\/\/staging.ivg.it\/ediapi\/wp\/v2\/posts\/232062","targetHints":{"allow":["GET"]}}],"collection":[{"href":"https:\/\/staging.ivg.it\/ediapi\/wp\/v2\/posts"}],"about":[{"href":"https:\/\/staging.ivg.it\/ediapi\/wp\/v2\/types\/post"}],"author":[{"embeddable":true,"href":"https:\/\/staging.ivg.it\/ediapi\/wp\/v2\/users\/13744"}],"replies":[{"embeddable":true,"href":"https:\/\/staging.ivg.it\/ediapi\/wp\/v2\/comments?post=232062"}],"version-history":[{"count":0,"href":"https:\/\/staging.ivg.it\/ediapi\/wp\/v2\/posts\/232062\/revisions"}],"wp:attachment":[{"href":"https:\/\/staging.ivg.it\/ediapi\/wp\/v2\/media?parent=232062"}],"wp:term":[{"taxonomy":"category","embeddable":true,"href":"https:\/\/staging.ivg.it\/ediapi\/wp\/v2\/categories?post=232062"},{"taxonomy":"post_tag","embeddable":true,"href":"https:\/\/staging.ivg.it\/ediapi\/wp\/v2\/tags?post=232062"}],"curies":[{"name":"wp","href":"https:\/\/api.w.org\/{rel}","templated":true}]}}