{"id":232059,"date":"2012-12-31T12:27:38","date_gmt":"2012-12-31T11:27:38","guid":{"rendered":"http:\/\/www.ivg.it\/?p=232059"},"modified":"2012-12-31T12:27:38","modified_gmt":"2012-12-31T11:27:38","slug":"capodanno-a-savona-tutto-pronto-per-la-festa-in-darsena-con-il-concerto-di-annalisa-scarrone","status":"publish","type":"post","link":"https:\/\/staging.ivg.it\/2012\/12\/capodanno-a-savona-tutto-pronto-per-la-festa-in-darsena-con-il-concerto-di-annalisa-scarrone\/","title":{"rendered":"Capodanno a Savona, tutto pronto per la festa in Darsena con il concerto di Annalisa Scarrone"},"content":{"rendered":"<p><strong>Savona<\/strong> Tutto pronto a Savona per l&#8217;attesissimo concerto di Annalisa Scarrone che sar\u00e0 la protagonista della grande festa di Capodanno in Darsena. Per il dodicesimo anno consecutivo, il Comune di Savona in collaborazione con l&#8217;Autorit\u00e0 portuale propone una grande festa per tutta la citt\u00e0, con un programma ricco di sorprese che vedr\u00e0 appunto nello show della cantante carcarese il momento clou.<\/p>\n<p>&#8220;Il Capodanno in Darsena &#8211; dichiara il sindaco Federico Berruti &#8211; \u00e8 una festa che ormai \u00e8 diventata una tradizione per la citt\u00e0 e contribuisce a dare di Savona un&#8217;immagine piacevole e accogliente. E&#8217; inoltre un&#8217;opportunit\u00e0 che tutti hanno, senza distinzioni, di festeggiare insieme, se lo desidereranno, il nuovo anno nella nostra citt\u00e0\u201d.<\/p>\n<p>&#8220;Torna anche quest&#8217;anno l&#8217;atteso appuntamento per festeggiare tutti insieme il nuovo anno nella splendida cornice della nostra Darsena &#8211; sottolinea l&#8217;assessore agli Eventi e Politiche Giovanili Elisa Di Padova -. Sar\u00e0 una lunga notte di divertimento gratuito per tutti i gusti e tutte le et\u00e0, con una artista di grande livello. Imperdibili lo spettacolo pirotecnico e la musica da discoteca. Il valore del nostro Capodanno in piazza si misura nella grande partecipazione di pubblico che annualmente si ripete e incrementa. Specialmente nei momenti di crisi \u00e8 importante dare ai cittadini l&#8217;opportunit\u00e0 di trascorrere una serata di gioia nel cuore della loro citt\u00e0&#8221;.<\/p>\n<p>Anche quest&#8217;anno centro dei festeggiamenti del Capodanno \u00e8 il palco PalaCarisa in piazzetta d&#8217;Alaggio. Alle ore 20 inizier\u00e0 la proiezione di immagini sui mega schermi e alle ore 22 prender\u00e0 il via lo spettacolo con la partecipazione di Luca Galtieri in veste di presentatore, con animazione, musica e giochi. Star del programma musicale \u00e8 Annalisa Scarrone, giovane star carcarese del programma televisivo \u201cAmici\u201d, e che sar\u00e0 protagonista tra i big del prossimo Festival di Sanremo, premiata con numerosi riconoscimenti della critica. Un&#8217;artista dalla voce straordinaria che pu\u00f2 vantare anche un disco di platino per il suo album di inediti e da pochi mesi \u00e8 all&#8217;attivo con un secondo album dal titolo \u201cMentre tutto cambia\u201d. Recentissimo \u00e8 anche l&#8217;annuncio ufficiale della partecipazione di Annalisa alla colonna sonora del film \u201cL&#8217;era glaciale 4: continenti alla deriva\u201d che conterr\u00e0 il brano inedito \u201cPirati\u201d.<\/p>\n<p>Da non perdere anche quest&#8217;anno i tradizionali fuochi d&#8217;artificio che scatteranno allo scoccare della mezzanotte dalla Fortezza del Priamar, un appuntamento sempre molto seguito dal pubblico del Capodanno e che illumina a festa tutta la citt\u00e0. Dopo l&#8217;ingresso nell&#8217;anno nuovo la festa proseguir\u00e0 con il programma musicale del dj set discoteca con Fabietto dj a curarne la colonna sonora per far divertire anche il pubblico pi\u00f9 giovane.<\/p>\n<p>Il comando della Polizia municipale ha approntato un accurato piano del traffico e dei parcheggi per favorire l&#8217;afflusso degli spettatori. Nella tratta di via Paleocapa compresa fra piazza Pancaldo e piazza Mameli verr\u00e0 consentita la sosta veicolare nella corsia normalmente riservata al transito dei bus, a partire dalle ore 20 di luned\u00ec 31 e sino a fine manifestazione (prevista intorno ale ore 3,30).<\/p>\n<p>Verr\u00e0 inoltre interrotta la circolazione veicolare a partire dalle ore 19 di luned\u00ec 31 e, sino a terminate esigenze, in piazza Rebagliati, lato levante adiacente settore adibito a posteggio a fianco alla sede dell&#8217;Agenzia delle Dogane e nel settore centrale adibito a posteggio. Sulla porzione residuale di piazza Rebagliati, ovvero lato mare adiacente Compagnia portuale e cantieri Solimano e sulle percorrenze di via Chiodo e di via Calafati, sar\u00e0 garantita la circolazione veicolare, salvo eventuale saturazione del posteggio pubblico presso il complesso &#8220;Torre-Porto&#8221;.<\/p>\n<p>In supporto alla manifestazione, verranno istituite aree parcheggio in via Peppino Impastato, calata Sbarbaro, piazza del Popolo e corso Mazzini, via Paleocapa nella corsia dei bus porzione compresa tra piazza Pancaldo e piazza Mameli.<\/p>\n<p>Il piano parcheggi prevede che siano tutti gratuiti (tranne quello dell&#8217;Arsenale che \u00e8 privato) dalle ore 20, ma gi\u00e0 dalle ore 12,30 sar\u00e0 possibile parcheggiare gratis nelle zone blu di tutta la citt\u00e0. I parcheggi a sbarre saranno liberi e gratuiti dalle ore 14.<\/p>\n<p>Inoltre il bus navetta turistico \u201cSavona da scoprire\u201d collegher\u00e0, gratuitamente, la stazione ferroviaria Mongrifone alla Torretta, nella zona della manifestazione, a partire dalle 21,30 di luned\u00ec 31 e fino a mezzanotte e mezza con una corsa ogni trenta minuti. Questo il percorso: piazzale Aldo Moro, via Pirandello, corso Tardy e Benech, corso Mazzini, via Gramsci, Torretta e poi ancora via Paleocapa, piazza Mameli, via Pertinace, piazza Diaz, via dei Mille, piazza Saffi, via Boselli, piazza Mameli, piazza del Popolo, via Sormano, via Don Minzoni e nuovamente alla stazione Mongrifone.<\/p>\n","protected":false},"excerpt":{"rendered":"<p>Savona Tutto pronto a Savona per l&#8217;attesissimo concerto di Annalisa Scarrone che sar\u00e0 la protagonista della grande festa di Capodanno in Darsena. Per il dodicesimo anno consecutivo, il Comune di Savona in collaborazione con l&#8217;Autorit\u00e0 portuale propone una grande festa per tutta la citt\u00e0, con un programma ricco di sorprese che vedr\u00e0 appunto nello show [&hellip;]<\/p>\n","protected":false},"author":13744,"featured_media":0,"comment_status":"open","ping_status":"closed","sticky":false,"template":"","format":"standard","meta":{"footnotes":""},"categories":[],"tags":[27621,4683,620,1384,85850],"class_list":["post-232059","post","type-post","status-publish","format-standard","hentry","tag-annalisa-scarrone","tag-capodanno","tag-concerti","tag-darsena","tag-savona","post_cat_citta-savona"],"amp_validity":null,"amp_enabled":true,"_links":{"self":[{"href":"https:\/\/staging.ivg.it\/ediapi\/wp\/v2\/posts\/232059","targetHints":{"allow":["GET"]}}],"collection":[{"href":"https:\/\/staging.ivg.it\/ediapi\/wp\/v2\/posts"}],"about":[{"href":"https:\/\/staging.ivg.it\/ediapi\/wp\/v2\/types\/post"}],"author":[{"embeddable":true,"href":"https:\/\/staging.ivg.it\/ediapi\/wp\/v2\/users\/13744"}],"replies":[{"embeddable":true,"href":"https:\/\/staging.ivg.it\/ediapi\/wp\/v2\/comments?post=232059"}],"version-history":[{"count":0,"href":"https:\/\/staging.ivg.it\/ediapi\/wp\/v2\/posts\/232059\/revisions"}],"wp:attachment":[{"href":"https:\/\/staging.ivg.it\/ediapi\/wp\/v2\/media?parent=232059"}],"wp:term":[{"taxonomy":"category","embeddable":true,"href":"https:\/\/staging.ivg.it\/ediapi\/wp\/v2\/categories?post=232059"},{"taxonomy":"post_tag","embeddable":true,"href":"https:\/\/staging.ivg.it\/ediapi\/wp\/v2\/tags?post=232059"}],"curies":[{"name":"wp","href":"https:\/\/api.w.org\/{rel}","templated":true}]}}