{"id":231793,"date":"2012-12-22T15:36:52","date_gmt":"2012-12-22T14:36:52","guid":{"rendered":"http:\/\/www.ivg.it\/?p=231793"},"modified":"2012-12-22T15:36:52","modified_gmt":"2012-12-22T14:36:52","slug":"finale-fino-all8-gennaio-ce-leco-presepe-legambiente-plaude-alliniziativa","status":"publish","type":"post","link":"https:\/\/staging.ivg.it\/2012\/12\/finale-fino-all8-gennaio-ce-leco-presepe-legambiente-plaude-alliniziativa\/","title":{"rendered":"Finale, fino all&#8217;8 gennaio c&#8217;\u00e8 l&#8217;eco-presepe: Legambiente plaude all&#8217;iniziativa"},"content":{"rendered":"<p><strong>Finale L.<\/strong> Per il terzo anno consecutivo, nella Chiesa barocca del Rione dei Neri, in via Colombo, a Finale Ligure, \u00e8 stato allestito un &#8220;eco-Presepe&#8221; che \u00e8 un piccolo gioiello artigianale (rimarr\u00e0 aperto sino all\u20198 Gennaio 2013). Legambiente ha voluto segnalare questo Presepe all&#8217;attenzione di tutti per le sue caratteristiche di novit\u00e0 e originalit\u00e0 legate all&#8217;ambiente Finalese e al \u201criciclo nobile\u201d del materiale utilizzato.<\/p>\n<p>&#8220;Esso \u00e8 il risultato felice di un lungo lavoro del gruppo corale finalese &#8216;Sine Nomine&#8217;: Renata e Ornella hanno realizzato tutti i manufatti (case, rocce, vegetazione, arredi). La parte elettrica e meccanica \u00e8 stata eseguita da Giulio e Luigi, mentre Silvano e Franca hanno completato l\u2019allestimento. Gli aspetti di particolare interesse riguardano: alcuni Borghi storici- scorci suggestivi del territorio Finalese- monumenti storici (la Chiesa di San Lorenzo che si affaccia sulla baia dei Saraceni in Varigotti &#8211; il Ponte Romano delle Fate in Val Ponci- e, di particolare rilievo, la riproduzione perfetta della Grotta dell&#8217;Arma delle Manie&#8221;.<\/p>\n<p>&#8220;Fino ad oggi non si era mai visto in un Presepe un concentrato cos\u00ec preciso del patrimonio archeologico del Finale. Si ribadisce l&#8217;apprezzamento del Circolo Legambiente &#8216;Arene Candide&#8217; di Finale Ligure per un progetto che ha posto particolare attenzione al riciclo, quindi al recupero nobile di materiali usati i quali , trasformati e sapientemente assemblati, hanno dato vita al Presepe stesso&#8221; conclude Gabriello Castellazzi vice presidente del circolo di Legambiente \u201cArene Candide\u201d di Finale Ligure.<\/p>\n","protected":false},"excerpt":{"rendered":"<p>Finale L. Per il terzo anno consecutivo, nella Chiesa barocca del Rione dei Neri, in via Colombo, a Finale Ligure, \u00e8 stato allestito un &#8220;eco-Presepe&#8221; che \u00e8 un piccolo gioiello artigianale (rimarr\u00e0 aperto sino all\u20198 Gennaio 2013). Legambiente ha voluto segnalare questo Presepe all&#8217;attenzione di tutti per le sue caratteristiche di novit\u00e0 e originalit\u00e0 legate [&hellip;]<\/p>\n","protected":false},"author":13744,"featured_media":0,"comment_status":"open","ping_status":"closed","sticky":false,"template":"","format":"standard","meta":{"footnotes":""},"categories":[56],"tags":[209,804,2305],"class_list":["post-231793","post","type-post","status-publish","format-standard","hentry","category-altre","tag-finale","tag-legambiente","tag-presepe","post_cat_citta-finale-ligure"],"amp_validity":null,"amp_enabled":true,"_links":{"self":[{"href":"https:\/\/staging.ivg.it\/ediapi\/wp\/v2\/posts\/231793","targetHints":{"allow":["GET"]}}],"collection":[{"href":"https:\/\/staging.ivg.it\/ediapi\/wp\/v2\/posts"}],"about":[{"href":"https:\/\/staging.ivg.it\/ediapi\/wp\/v2\/types\/post"}],"author":[{"embeddable":true,"href":"https:\/\/staging.ivg.it\/ediapi\/wp\/v2\/users\/13744"}],"replies":[{"embeddable":true,"href":"https:\/\/staging.ivg.it\/ediapi\/wp\/v2\/comments?post=231793"}],"version-history":[{"count":0,"href":"https:\/\/staging.ivg.it\/ediapi\/wp\/v2\/posts\/231793\/revisions"}],"wp:attachment":[{"href":"https:\/\/staging.ivg.it\/ediapi\/wp\/v2\/media?parent=231793"}],"wp:term":[{"taxonomy":"category","embeddable":true,"href":"https:\/\/staging.ivg.it\/ediapi\/wp\/v2\/categories?post=231793"},{"taxonomy":"post_tag","embeddable":true,"href":"https:\/\/staging.ivg.it\/ediapi\/wp\/v2\/tags?post=231793"}],"curies":[{"name":"wp","href":"https:\/\/api.w.org\/{rel}","templated":true}]}}