{"id":231637,"date":"2012-12-20T08:26:38","date_gmt":"2012-12-20T07:26:38","guid":{"rendered":"http:\/\/www.ivg.it\/?p=231637"},"modified":"2012-12-20T08:26:38","modified_gmt":"2012-12-20T07:26:38","slug":"gran-pizzata-di-natale-al-centro-anziani-di-albenga","status":"publish","type":"post","link":"https:\/\/staging.ivg.it\/2012\/12\/gran-pizzata-di-natale-al-centro-anziani-di-albenga\/","title":{"rendered":"Gran pizzata di Natale al Centro Anziani di Albenga"},"content":{"rendered":"<p><strong>Albenga<\/strong>. Gran pizzata di Natale ieri al Centro Anziani di Albenga, per il tradizionale scambio di auguri. Erano presenti il sindaco Guarnieri, l&#8217;assessore Ciangherotti insieme ai colleghi di giunta Lugani, Porro, Robello De Filippis e Parodi.<\/p>\n<p>A sfornare le ricche pizze margherita, prosciutto e formaggio, quattro stagioni uno chef in pensione, Romano Colombo. Ogni famiglia ha poi aderito al tradizionale &#8220;porta e condividi&#8221;, diventando le tavolate ricche di tante pietanze gustose.<\/p>\n<p>Ai partecipanti il sindaco ha detto: &#8220;Auguri di buone feste a tutti voi. Speriamo che il 2013 sia un anno pieno di gioie per tutti&#8221;. &#8220;Buon Natale a voi e alle vostre famiglie &#8211; ha aggiunto l&#8217;assessore ai servizi sociali Eraldo Ciangherotti &#8211; Il vostro sorriso \u00e8 il pi\u00f9 bel regalo per la nostra amministrazione comunale. Babbo Natale non si dimenticher\u00e0 certo della vostra vacanza termale nel prossimo settembre&#8221;.<\/p>\n","protected":false},"excerpt":{"rendered":"<p>Albenga. Gran pizzata di Natale ieri al Centro Anziani di Albenga, per il tradizionale scambio di auguri. Erano presenti il sindaco Guarnieri, l&#8217;assessore Ciangherotti insieme ai colleghi di giunta Lugani, Porro, Robello De Filippis e Parodi. A sfornare le ricche pizze margherita, prosciutto e formaggio, quattro stagioni uno chef in pensione, Romano Colombo. Ogni famiglia [&hellip;]<\/p>\n","protected":false},"author":13744,"featured_media":0,"comment_status":"open","ping_status":"closed","sticky":false,"template":"","format":"standard","meta":{"footnotes":""},"categories":[56],"tags":[85841,937,2791],"class_list":["post-231637","post","type-post","status-publish","format-standard","hentry","category-altre","tag-albenga","tag-anziani","tag-natale","post_cat_citta-albenga"],"amp_validity":null,"amp_enabled":true,"_links":{"self":[{"href":"https:\/\/staging.ivg.it\/ediapi\/wp\/v2\/posts\/231637","targetHints":{"allow":["GET"]}}],"collection":[{"href":"https:\/\/staging.ivg.it\/ediapi\/wp\/v2\/posts"}],"about":[{"href":"https:\/\/staging.ivg.it\/ediapi\/wp\/v2\/types\/post"}],"author":[{"embeddable":true,"href":"https:\/\/staging.ivg.it\/ediapi\/wp\/v2\/users\/13744"}],"replies":[{"embeddable":true,"href":"https:\/\/staging.ivg.it\/ediapi\/wp\/v2\/comments?post=231637"}],"version-history":[{"count":0,"href":"https:\/\/staging.ivg.it\/ediapi\/wp\/v2\/posts\/231637\/revisions"}],"wp:attachment":[{"href":"https:\/\/staging.ivg.it\/ediapi\/wp\/v2\/media?parent=231637"}],"wp:term":[{"taxonomy":"category","embeddable":true,"href":"https:\/\/staging.ivg.it\/ediapi\/wp\/v2\/categories?post=231637"},{"taxonomy":"post_tag","embeddable":true,"href":"https:\/\/staging.ivg.it\/ediapi\/wp\/v2\/tags?post=231637"}],"curies":[{"name":"wp","href":"https:\/\/api.w.org\/{rel}","templated":true}]}}