{"id":231634,"date":"2012-12-20T08:09:19","date_gmt":"2012-12-20T07:09:19","guid":{"rendered":"http:\/\/www.ivg.it\/?p=231634"},"modified":"2012-12-20T08:09:19","modified_gmt":"2012-12-20T07:09:19","slug":"carcare-la-destra-verso-comizio-con-esponenti-nazionali","status":"publish","type":"post","link":"https:\/\/staging.ivg.it\/2012\/12\/carcare-la-destra-verso-comizio-con-esponenti-nazionali\/","title":{"rendered":"Carcare, La Destra verso comizio con esponenti nazionali"},"content":{"rendered":"<p><strong>Carcare<\/strong>. &#8220;La nostra segreteria provinciale sta valutando l&#8217;eventualit\u00e0 di ospitare rappresentanti a livello nazionale del nostro movimento in quel di Carcare&#8221;. Lo annunciano i rappresentanti del dipartimento valbormidese de La Destra.<\/p>\n<p>&#8220;Come gi\u00e0 si \u00e8 detto questa tornata elettorale coincider\u00e0 con le prossime politiche. Nell&#8217;eventualit\u00e0 in cui ci fosse una serie di comizi dislocati sul territorio nazionale, La Destra, nella nostra provincia, sarebbe ben lieta di dare il massimo risalto alle comunali carcaresi&#8221; proseguono.<\/p>\n<p>&#8220;Infine informiamo che sono stati compilati i 5 punti fondanti del nostro programma che sar\u00e0 ufficialmente presentato nella prima met\u00e0 di gennaio dai candidati di lista&#8221; concludono dal partito di Storace.<\/p>\n","protected":false},"excerpt":{"rendered":"<p>Carcare. &#8220;La nostra segreteria provinciale sta valutando l&#8217;eventualit\u00e0 di ospitare rappresentanti a livello nazionale del nostro movimento in quel di Carcare&#8221;. Lo annunciano i rappresentanti del dipartimento valbormidese de La Destra. &#8220;Come gi\u00e0 si \u00e8 detto questa tornata elettorale coincider\u00e0 con le prossime politiche. Nell&#8217;eventualit\u00e0 in cui ci fosse una serie di comizi dislocati sul [&hellip;]<\/p>\n","protected":false},"author":13744,"featured_media":0,"comment_status":"open","ping_status":"closed","sticky":false,"template":"","format":"standard","meta":{"footnotes":""},"categories":[31],"tags":[85852,1020],"class_list":["post-231634","post","type-post","status-publish","format-standard","hentry","category-politica","tag-carcare","tag-la-destra","post_cat_citta-carcare"],"amp_validity":null,"amp_enabled":true,"_links":{"self":[{"href":"https:\/\/staging.ivg.it\/ediapi\/wp\/v2\/posts\/231634","targetHints":{"allow":["GET"]}}],"collection":[{"href":"https:\/\/staging.ivg.it\/ediapi\/wp\/v2\/posts"}],"about":[{"href":"https:\/\/staging.ivg.it\/ediapi\/wp\/v2\/types\/post"}],"author":[{"embeddable":true,"href":"https:\/\/staging.ivg.it\/ediapi\/wp\/v2\/users\/13744"}],"replies":[{"embeddable":true,"href":"https:\/\/staging.ivg.it\/ediapi\/wp\/v2\/comments?post=231634"}],"version-history":[{"count":0,"href":"https:\/\/staging.ivg.it\/ediapi\/wp\/v2\/posts\/231634\/revisions"}],"wp:attachment":[{"href":"https:\/\/staging.ivg.it\/ediapi\/wp\/v2\/media?parent=231634"}],"wp:term":[{"taxonomy":"category","embeddable":true,"href":"https:\/\/staging.ivg.it\/ediapi\/wp\/v2\/categories?post=231634"},{"taxonomy":"post_tag","embeddable":true,"href":"https:\/\/staging.ivg.it\/ediapi\/wp\/v2\/tags?post=231634"}],"curies":[{"name":"wp","href":"https:\/\/api.w.org\/{rel}","templated":true}]}}