{"id":231406,"date":"2012-12-16T14:35:43","date_gmt":"2012-12-16T13:35:43","guid":{"rendered":"http:\/\/www.ivg.it\/?p=231406"},"modified":"2012-12-16T14:35:43","modified_gmt":"2012-12-16T13:35:43","slug":"loano-premiati-i-vincitori-del-concorso-avis","status":"publish","type":"post","link":"https:\/\/staging.ivg.it\/2012\/12\/loano-premiati-i-vincitori-del-concorso-avis\/","title":{"rendered":"Loano, premiati i vincitori del Concorso Avis"},"content":{"rendered":"<p><strong>Loano<\/strong>. Presso l&#8217;Istituto Superiore \u201cG.Falcone\u201d di Loano si sono svolte le premiazioni degli allievi vincitori del Concorso Avis Loano per il Progetto Scolastico 2011\/2012. Alla cerimonia erano presenti il dirigente Scolastico prof.ssa Ivana Mandraccia, il presidente della Sezione di Loano dell&#8217;Avis Fabio Mauri e una folta rappresentanza degli alunni delle classi quarte e quinte che hanno partecipato, lo scorso anno scolastico, agli incontri con i volontari e i medici dell&#8217;Avis nei quali veniva spiegata l&#8217;importanza del dono del sangue e la storia e le attivit\u00e0 dell&#8217;Associazione. N<\/p>\n<p>ell&#8217;ambito di tali incontri \u00e8 stato bandito il concorso per l&#8217;elaborazione di un tema, un articolo o una ricerca avente per oggetto la donazione del sangue. La prima classificata \u00e8 Chiara Falco della IV B programmatori, la seconda classificata \u00e8 Ilaria Caraffi della IV C geometri, il terzo classificato \u00e8 Damiano Ponzo della IV B programmatori. Gli studenti hanno ricevuto un assegno di studio e un orologio da polso. Il premio per il \u201ctema pi\u00f9 originale\u201d \u00e8 stato assegnato ad Andrea Bari della IV B ragioneria. <\/p>\n<p>La Sezione di Loano dell&#8217;Avis ringrazia tutti gli alunni, i professori e il Dirigente Scolastico dell&#8217;Istituto Superiore \u201cG.Falcone\u201d per aver aderito all&#8217;iniziativa con entusiasmo ed attenzione e per aver contribuito alla diffusione degli ideali che da quasi un secolo uniscono i volontari avisini nel dono gratuito e disinteressato del sangue. <\/p>\n","protected":false},"excerpt":{"rendered":"<p>Loano. Presso l&#8217;Istituto Superiore \u201cG.Falcone\u201d di Loano si sono svolte le premiazioni degli allievi vincitori del Concorso Avis Loano per il Progetto Scolastico 2011\/2012. Alla cerimonia erano presenti il dirigente Scolastico prof.ssa Ivana Mandraccia, il presidente della Sezione di Loano dell&#8217;Avis Fabio Mauri e una folta rappresentanza degli alunni delle classi quarte e quinte che [&hellip;]<\/p>\n","protected":false},"author":13744,"featured_media":0,"comment_status":"open","ping_status":"closed","sticky":false,"template":"","format":"standard","meta":{"footnotes":""},"categories":[56],"tags":[705,85827],"class_list":["post-231406","post","type-post","status-publish","format-standard","hentry","category-altre","tag-avis","tag-loano","post_cat_citta-loano"],"amp_validity":null,"amp_enabled":true,"_links":{"self":[{"href":"https:\/\/staging.ivg.it\/ediapi\/wp\/v2\/posts\/231406","targetHints":{"allow":["GET"]}}],"collection":[{"href":"https:\/\/staging.ivg.it\/ediapi\/wp\/v2\/posts"}],"about":[{"href":"https:\/\/staging.ivg.it\/ediapi\/wp\/v2\/types\/post"}],"author":[{"embeddable":true,"href":"https:\/\/staging.ivg.it\/ediapi\/wp\/v2\/users\/13744"}],"replies":[{"embeddable":true,"href":"https:\/\/staging.ivg.it\/ediapi\/wp\/v2\/comments?post=231406"}],"version-history":[{"count":0,"href":"https:\/\/staging.ivg.it\/ediapi\/wp\/v2\/posts\/231406\/revisions"}],"wp:attachment":[{"href":"https:\/\/staging.ivg.it\/ediapi\/wp\/v2\/media?parent=231406"}],"wp:term":[{"taxonomy":"category","embeddable":true,"href":"https:\/\/staging.ivg.it\/ediapi\/wp\/v2\/categories?post=231406"},{"taxonomy":"post_tag","embeddable":true,"href":"https:\/\/staging.ivg.it\/ediapi\/wp\/v2\/tags?post=231406"}],"curies":[{"name":"wp","href":"https:\/\/api.w.org\/{rel}","templated":true}]}}