{"id":231376,"date":"2012-12-15T11:03:07","date_gmt":"2012-12-15T10:03:07","guid":{"rendered":"http:\/\/www.ivg.it\/?p=231376"},"modified":"2012-12-15T11:03:07","modified_gmt":"2012-12-15T10:03:07","slug":"calcio-dopo-ventanni-francesco-travi-e-tornato-nel-varazze","status":"publish","type":"post","link":"https:\/\/staging.ivg.it\/2012\/12\/calcio-dopo-ventanni-francesco-travi-e-tornato-nel-varazze\/","title":{"rendered":"Calcio, dopo vent\u2019anni Francesco Travi \u00e8 tornato nel Varazze"},"content":{"rendered":"<p><strong>Varazze<\/strong>. Nell&#8217;annata calcistica 1992-93, l&#8217;allora quattordicenne Francesco Travi, gi\u00e0 numero 10 con piedi &#8220;catalani&#8221;, dopo tutta una trafila nel Don Bosco (quale figlio d&#8217;arte del padre Simone, un dirigente doc), passa agli Allievi regionali del Varazze, facendo felice il nonno Gerolamo, storico personaggio, che finalmente corona il sogno di vedere il \u201cnipotino\u201d giocare tra le fila dei nerazzurri.<\/p>\n<p>Francesco, pur sotto leva, disputa uno straordinario campionato, al punto che il Savona lo adocchia, portandolo nella citt\u00e0 della Torretta, dove, nella medesima categoria degli Allievi (allenato da chi scrive, come del resto anche l&#8217;anno prima), diventa campione regionale senza aver mai subito una sola sconfitta, accelerando la crescita tecnico tattica e mettendo le basi per una crescita caratteriale che lo porter\u00e0 a disputare un&#8217;eccelsa carriera.<\/p>\n<p>E&#8217; con questi preamboli che nasce la vita calcistica di Travi, che arriva a giocare in Serie D proprio con gli striscioni savonesi, esordendo al Valerio Bacigalupo all&#8217;et\u00e0 sedici anni e mezzo, contro il Castelnuovo Garfagnana e raggiungendo la consacrazione l&#8217;anno successivo con l&#8217;ingresso in pianta stabile in prima squadra sotto la guida di Leo Cusimano.<\/p>\n<p>Sono poi le tribolate vicende societarie ad allontanarlo da Savona ed a portarlo ad Acqui, dove &#8211; allenato da Mario Benzi &#8211; vince il campionato di Eccellenza e gioca il successivo torneo di nuovo in serie D proprio nella cittadina termale.<\/p>\n<p>Insomma, se un mister ha bisogno di un giocatore che sia determinante per la vittoria di un torneo, Travi rappresenta una sorta di talismano&#8230; Ne sanno qualcosa Finale, Cogoleto, Pietra Ligure e Quiliano&#8230; tutte squadre vincenti nei rispettivi campionati quando il varazzino difendeva i loro colori.<\/p>\n<p>&#8220;L&#8217;ultima vittoria \u00e8 quella che si ricorda meglio&#8221; &#8211; afferma Travi, riferendosi al trionfo dei biancorossi, portati &#8211; da capitano &#8211; nella scorsa stagione in Eccellenza per la prima volta nella storia del Quiliano.<\/p>\n<p>Ma questa estate il richiamo dell&#8217;aria di casa ha avuto il sopravvento e, dopo una carriera costellata di successi, eccolo tornare, come un figliol prodigo, a Varazze (\u00e8 qui che vive assieme alla moglie Claudia ed alla figlioletta Benedetta, lavorando come ormeggiatore nel porto della cittadina di Santa Caterina) ed esordire, alla ormai non pi\u00f9 verde et\u00e0 di 34 anni, nelle fila dei nerazzurri, nobili decaduti in Prima Categoria, ma pur sempre blasonati.<\/p>\n<p>Che colpo per il Varazze! Travi mette a disposizione, dei tanti giovani presenti in rosa, la seriet\u00e0, la passione e la professionalit\u00e0 maturata in tutti questi lunghi anni: &#8220;Il segreto sta nel saper scegliere gli ambienti adatti per potersi esprimere al meglio. Poi \u00e8 ovvio che senza passione si fa poca strada. Io, poi, devo ringraziare la mia famiglia, che mi trasmette in ogni momento calma e serenit\u00e0, elementi indispensabili per continuare a giocare quando non si \u00e8 pi\u00f9 giovanissimi. Certo non sar\u00e0 facile rinunciare all&#8217;odore che si respira su un campo di calcio&#8230; ed \u00e8 per questo che sto gi\u00e0 studiando da mister: finir\u00f2 per iscrivermi ad un corso per allenatori pur di continuare a restare nell&#8217;ambiente&#8221;.<\/p>\n<p>E gi\u00e0 si immedesima nella parte, emulo di Xavi Hernandez, il calciatore che ammira maggiormente: &#8220;La filosofia del Barcellona rappresenta il mio modo di intendere il calcio: tecnica di base, possesso palla e reparti che sappiano sfruttare l&#8217;ampiezza del campo&#8230; e tanta voglia di andare all&#8217;attacco&#8221;.<\/p>\n<p style=\"text-align: right;\"><strong>Claudio Nucci<\/strong><\/p>\n","protected":false},"excerpt":{"rendered":"<p>Varazze. Nell&#8217;annata calcistica 1992-93, l&#8217;allora quattordicenne Francesco Travi, gi\u00e0 numero 10 con piedi &#8220;catalani&#8221;, dopo tutta una trafila nel Don Bosco (quale figlio d&#8217;arte del padre Simone, un dirigente doc), passa agli Allievi regionali del Varazze, facendo felice il nonno Gerolamo, storico personaggio, che finalmente corona il sogno di vedere il \u201cnipotino\u201d giocare tra le [&hellip;]<\/p>\n","protected":false},"author":13744,"featured_media":0,"comment_status":"open","ping_status":"closed","sticky":false,"template":"","format":"standard","meta":{"footnotes":""},"categories":[32],"tags":[85989,719,85868,4534],"class_list":["post-231376","post","type-post","status-publish","format-standard","hentry","category-sport","tag-calcio","tag-prima-categoria","tag-varazze","tag-varazze-don-bosco","post_cat_citta-varazze"],"amp_validity":null,"amp_enabled":true,"_links":{"self":[{"href":"https:\/\/staging.ivg.it\/ediapi\/wp\/v2\/posts\/231376","targetHints":{"allow":["GET"]}}],"collection":[{"href":"https:\/\/staging.ivg.it\/ediapi\/wp\/v2\/posts"}],"about":[{"href":"https:\/\/staging.ivg.it\/ediapi\/wp\/v2\/types\/post"}],"author":[{"embeddable":true,"href":"https:\/\/staging.ivg.it\/ediapi\/wp\/v2\/users\/13744"}],"replies":[{"embeddable":true,"href":"https:\/\/staging.ivg.it\/ediapi\/wp\/v2\/comments?post=231376"}],"version-history":[{"count":0,"href":"https:\/\/staging.ivg.it\/ediapi\/wp\/v2\/posts\/231376\/revisions"}],"wp:attachment":[{"href":"https:\/\/staging.ivg.it\/ediapi\/wp\/v2\/media?parent=231376"}],"wp:term":[{"taxonomy":"category","embeddable":true,"href":"https:\/\/staging.ivg.it\/ediapi\/wp\/v2\/categories?post=231376"},{"taxonomy":"post_tag","embeddable":true,"href":"https:\/\/staging.ivg.it\/ediapi\/wp\/v2\/tags?post=231376"}],"curies":[{"name":"wp","href":"https:\/\/api.w.org\/{rel}","templated":true}]}}