{"id":231140,"date":"2012-12-12T09:43:09","date_gmt":"2012-12-12T08:43:09","guid":{"rendered":"http:\/\/www.ivg.it\/?p=231140"},"modified":"2012-12-12T12:31:01","modified_gmt":"2012-12-12T11:31:01","slug":"la-rivolta-in-rete-di-tre-balneari-in-rosa-un-blog-per-spiegare-che-non-siamo-una-lobby","status":"publish","type":"post","link":"https:\/\/staging.ivg.it\/2012\/12\/la-rivolta-in-rete-di-tre-balneari-in-rosa-un-blog-per-spiegare-che-non-siamo-una-lobby\/","title":{"rendered":"La &#8220;rivolta&#8221; in Rete di tre balneari in rosa: &#8220;Un blog per spiegare che non siamo una lobby&#8221;"},"content":{"rendered":"<p><strong>Liguria.<\/strong> Sono giorni importanti per i gestori degli stabilimenti balneari di tutta Italia e, ovviamente, anche per quelli della nostra costa. E c&#8217;\u00e8 chi reagisce a provvedimenti e polemiche a modo suo. E&#8217; il caso di tre balneari &#8220;in rosa&#8221; della Liguria che lanciano un blog ad hoc (http:\/\/donnedamare.wordpress.com\/).<\/p>\n<p>&#8220;Abbiamo assistito in questi giorni da parte di molte categorie ad una presa di posizione contro i balneari: li si addita, erroneamente, di essere una casta, di danneggiare l\u2019ambiente attraverso cementificazione selvaggia, addirittura di costare all\u2019Italia 650.000 \u20ac al giorno per la proroga quinquennale loro concessa&#8221; dicono Alessia Cepollina, Bettina Bolla, Vicki Ratto, che hanno deciso di rivolgersi alla Rete.<\/p>\n<p>&#8220;L\u2019idea del blog &#8211; spiegano &#8211; nasce con l\u2019intento di denunciare la violenza perpetrata dal governo italiano nei confronti delle donne balneari che, a causa di un\u2019errata applicazione della direttiva servizi, meglio conosciuta come Bolkestein, si vedono scippate del loro diritto al lavoro e giocoforza della loro dignit\u00e0 di donne e di madri. Il blog sar\u00e0 un contenitore di storie di vita e avr\u00e0 l\u2019intento di dimostrare che i balneari non sono una lobby, ma bens\u00ec persone, escluse dal mondo del lavoro, che hanno dovuto inventarsi un\u2019occupazione, investendo se stessi e il loro denaro in imprese che ora lo stato reclama&#8221;.<\/p>\n","protected":false},"excerpt":{"rendered":"<p>Liguria. Sono giorni importanti per i gestori degli stabilimenti balneari di tutta Italia e, ovviamente, anche per quelli della nostra costa. E c&#8217;\u00e8 chi reagisce a provvedimenti e polemiche a modo suo. E&#8217; il caso di tre balneari &#8220;in rosa&#8221; della Liguria che lanciano un blog ad hoc (http:\/\/donnedamare.wordpress.com\/). &#8220;Abbiamo assistito in questi giorni da [&hellip;]<\/p>\n","protected":false},"author":13744,"featured_media":0,"comment_status":"open","ping_status":"closed","sticky":false,"template":"","format":"standard","meta":{"footnotes":""},"categories":[35],"tags":[17436,1362,36263,393,9791],"class_list":["post-231140","post","type-post","status-publish","format-standard","hentry","category-economia","tag-balneari","tag-blog","tag-bolkestein","tag-liguria","tag-spiagge","post_cat_citta-andora"],"amp_validity":null,"amp_enabled":true,"_links":{"self":[{"href":"https:\/\/staging.ivg.it\/ediapi\/wp\/v2\/posts\/231140","targetHints":{"allow":["GET"]}}],"collection":[{"href":"https:\/\/staging.ivg.it\/ediapi\/wp\/v2\/posts"}],"about":[{"href":"https:\/\/staging.ivg.it\/ediapi\/wp\/v2\/types\/post"}],"author":[{"embeddable":true,"href":"https:\/\/staging.ivg.it\/ediapi\/wp\/v2\/users\/13744"}],"replies":[{"embeddable":true,"href":"https:\/\/staging.ivg.it\/ediapi\/wp\/v2\/comments?post=231140"}],"version-history":[{"count":0,"href":"https:\/\/staging.ivg.it\/ediapi\/wp\/v2\/posts\/231140\/revisions"}],"wp:attachment":[{"href":"https:\/\/staging.ivg.it\/ediapi\/wp\/v2\/media?parent=231140"}],"wp:term":[{"taxonomy":"category","embeddable":true,"href":"https:\/\/staging.ivg.it\/ediapi\/wp\/v2\/categories?post=231140"},{"taxonomy":"post_tag","embeddable":true,"href":"https:\/\/staging.ivg.it\/ediapi\/wp\/v2\/tags?post=231140"}],"curies":[{"name":"wp","href":"https:\/\/api.w.org\/{rel}","templated":true}]}}