{"id":231127,"date":"2012-12-11T18:22:04","date_gmt":"2012-12-11T17:22:04","guid":{"rendered":"http:\/\/www.ivg.it\/?p=231127"},"modified":"2012-12-11T18:26:29","modified_gmt":"2012-12-11T17:26:29","slug":"crisi-nel-savonese-la-preoccupazione-di-sel-pensare-a-sviluppo-sostenibile-manca-una-programmazione-provinciale","status":"publish","type":"post","link":"https:\/\/staging.ivg.it\/2012\/12\/crisi-nel-savonese-la-preoccupazione-di-sel-pensare-a-sviluppo-sostenibile-manca-una-programmazione-provinciale\/","title":{"rendered":"Crisi nel savonese, la preoccupazione di Sel: &#8220;Pensare a sviluppo sostenibile, manca una programmazione provinciale&#8221;"},"content":{"rendered":"<p><strong>Savona.<\/strong> \u201cSel ha da tempo denunciato il pericolo di una politica economica di stampo apertamente e palesemente liberista e monetarista ed \u00e8 questo il motivo principale per cui ritiene non pi\u00f9 perseguibile la cosiddetta \u201cagenda Monti\u201d. E&#8217; necessario perseguire una politica economica nuova volta a favorire uno sviluppo sostenibile ed una crescita occupazionale di qualit\u00e0, anche superando il tab\u00f9 europeo del pareggio di bilancio, inteso come fine e non come mezzo. Nella nostra provincia le conseguenze della crisi si sono manifestate in forme pi\u00f9 gravi che altrove, per l&#8217;assenza di una programmazione e di una corretta previsione delle conseguenze da parte dell&#8217;istituzione provinciale, forse anch&#8217;essa abbagliata dai \u201cristoranti pieni\u201d e per la delicatezza del tessuto produttivo provinciale, che ancora non ha saputo trovare una sua precisa vocazione dopo la crisi della grande industria\u201d. Cos\u00ec la segreteria provinciale di Sel commenta i pesanti dati sulla crisi economica nel savonese con alti livelli di disoccupazione.<\/p>\n<p>\u201cE&#8217; indispensabile che le istituzioni si facciano carico di questa situazione per garantire al territorio tranquillit\u00e0 economica e sociale e speranza ai giovani che oggi, sempre pi\u00f9, pagano i costi di una crisi che viene da lontano e che, per essere superata, ha necessit\u00e0 di scelte innovative e coraggiose e non di slogan elettoralistici come quelli che, di nuovo, si stanno sprecando in queste ore\u201d conclude Sel.<\/p>\n","protected":false},"excerpt":{"rendered":"<p>Savona. \u201cSel ha da tempo denunciato il pericolo di una politica economica di stampo apertamente e palesemente liberista e monetarista ed \u00e8 questo il motivo principale per cui ritiene non pi\u00f9 perseguibile la cosiddetta \u201cagenda Monti\u201d. E&#8217; necessario perseguire una politica economica nuova volta a favorire uno sviluppo sostenibile ed una crescita occupazionale di qualit\u00e0, [&hellip;]<\/p>\n","protected":false},"author":13744,"featured_media":0,"comment_status":"open","ping_status":"closed","sticky":false,"template":"","format":"standard","meta":{"footnotes":""},"categories":[35],"tags":[595,85850,20379],"class_list":["post-231127","post","type-post","status-publish","format-standard","hentry","category-economia","tag-crisi","tag-savona","tag-sel","post_cat_citta-andora","post_cat_citta-savona"],"amp_validity":null,"amp_enabled":true,"_links":{"self":[{"href":"https:\/\/staging.ivg.it\/ediapi\/wp\/v2\/posts\/231127","targetHints":{"allow":["GET"]}}],"collection":[{"href":"https:\/\/staging.ivg.it\/ediapi\/wp\/v2\/posts"}],"about":[{"href":"https:\/\/staging.ivg.it\/ediapi\/wp\/v2\/types\/post"}],"author":[{"embeddable":true,"href":"https:\/\/staging.ivg.it\/ediapi\/wp\/v2\/users\/13744"}],"replies":[{"embeddable":true,"href":"https:\/\/staging.ivg.it\/ediapi\/wp\/v2\/comments?post=231127"}],"version-history":[{"count":0,"href":"https:\/\/staging.ivg.it\/ediapi\/wp\/v2\/posts\/231127\/revisions"}],"wp:attachment":[{"href":"https:\/\/staging.ivg.it\/ediapi\/wp\/v2\/media?parent=231127"}],"wp:term":[{"taxonomy":"category","embeddable":true,"href":"https:\/\/staging.ivg.it\/ediapi\/wp\/v2\/categories?post=231127"},{"taxonomy":"post_tag","embeddable":true,"href":"https:\/\/staging.ivg.it\/ediapi\/wp\/v2\/tags?post=231127"}],"curies":[{"name":"wp","href":"https:\/\/api.w.org\/{rel}","templated":true}]}}