{"id":231059,"date":"2012-12-10T17:02:00","date_gmt":"2012-12-10T16:02:00","guid":{"rendered":"http:\/\/www.ivg.it\/?p=231059"},"modified":"2012-12-10T17:02:00","modified_gmt":"2012-12-10T16:02:00","slug":"savona-scooteristi-bloccati-nel-parcheggio-di-piazza-del-popolo-da-unauto-selvaggia","status":"publish","type":"post","link":"https:\/\/staging.ivg.it\/2012\/12\/savona-scooteristi-bloccati-nel-parcheggio-di-piazza-del-popolo-da-unauto-selvaggia\/","title":{"rendered":"Savona, scooteristi bloccati nel parcheggio di piazza del Popolo da un&#8217;auto &#8220;selvaggia&#8221;"},"content":{"rendered":"<p><strong>Savona<\/strong>. Prigionieri per moltissimi minuti del parcheggio dedicato alle moto di piazza del Popolo che si trova dal lato dell&#8217;ex pesa pubblica, proprio davanti al tribunale. E&#8217; la disavventura capitata nella tarda mattinata di oggi ad alcuni centauri savonesi che, al momento di uscire dall&#8217;area di sosta, si sono trovati una vettura che sbarrava letteralmente l&#8217;uscita.<\/p>\n<p>Gli scooteristi hanno atteso con pazienza per qualche minuto sperando che il proprietario dell&#8217;auto venisse a spostarla, ma dell&#8217;automobilista non si \u00e8 vista nemmeno l&#8217;ombra. I centauri, ormai esasperati dall&#8217;attesa, hanno allertato la polizia municipale che ha inviato una pattuglia. Nel frattempo, grazie all&#8217;arrivo del proprietario di una delle altre moto parcheggiate, che ha spostato il suo mezzo, \u00e8 stato aperto un piccolo varco tra gli &#8220;archetti&#8221; che delimitano l&#8217;area di sosta, tramite il quale \u00e8 stato possibile uscire.<\/p>\n<p>Il passaggio usato per lasciare il park dai centauri rimasti bloccati comunque non \u00e8 un&#8217;altra uscita (l&#8217;unica che c&#8217;\u00e8 \u00e8 quella che \u00e8 stata bloccata dalla macchina): l&#8217;archetto mancante infatti era stato tolto mesi fa quando erano in corso i lavori per installare il bike sharing e il varco principale era chiuso dal cantiere. All&#8217;arrivo degli agenti della polizia municipale la macchina era ancora davanti all&#8217;uscita del parcheggio e i vigili hanno provveduto a multarla e rimuoverla.<\/p>\n","protected":false},"excerpt":{"rendered":"<p>Savona. Prigionieri per moltissimi minuti del parcheggio dedicato alle moto di piazza del Popolo che si trova dal lato dell&#8217;ex pesa pubblica, proprio davanti al tribunale. E&#8217; la disavventura capitata nella tarda mattinata di oggi ad alcuni centauri savonesi che, al momento di uscire dall&#8217;area di sosta, si sono trovati una vettura che sbarrava letteralmente [&hellip;]<\/p>\n","protected":false},"author":13744,"featured_media":0,"comment_status":"open","ping_status":"closed","sticky":false,"template":"","format":"standard","meta":{"footnotes":""},"categories":[34],"tags":[4896,2909,85850],"class_list":["post-231059","post","type-post","status-publish","format-standard","hentry","category-cronaca","tag-divieto","tag-parcheggio","tag-savona"],"amp_validity":null,"amp_enabled":true,"_links":{"self":[{"href":"https:\/\/staging.ivg.it\/ediapi\/wp\/v2\/posts\/231059","targetHints":{"allow":["GET"]}}],"collection":[{"href":"https:\/\/staging.ivg.it\/ediapi\/wp\/v2\/posts"}],"about":[{"href":"https:\/\/staging.ivg.it\/ediapi\/wp\/v2\/types\/post"}],"author":[{"embeddable":true,"href":"https:\/\/staging.ivg.it\/ediapi\/wp\/v2\/users\/13744"}],"replies":[{"embeddable":true,"href":"https:\/\/staging.ivg.it\/ediapi\/wp\/v2\/comments?post=231059"}],"version-history":[{"count":0,"href":"https:\/\/staging.ivg.it\/ediapi\/wp\/v2\/posts\/231059\/revisions"}],"wp:attachment":[{"href":"https:\/\/staging.ivg.it\/ediapi\/wp\/v2\/media?parent=231059"}],"wp:term":[{"taxonomy":"category","embeddable":true,"href":"https:\/\/staging.ivg.it\/ediapi\/wp\/v2\/categories?post=231059"},{"taxonomy":"post_tag","embeddable":true,"href":"https:\/\/staging.ivg.it\/ediapi\/wp\/v2\/tags?post=231059"}],"curies":[{"name":"wp","href":"https:\/\/api.w.org\/{rel}","templated":true}]}}