{"id":230922,"date":"2012-12-07T10:31:27","date_gmt":"2012-12-07T09:31:27","guid":{"rendered":"http:\/\/www.ivg.it\/?p=230922"},"modified":"2012-12-07T15:28:12","modified_gmt":"2012-12-07T14:28:12","slug":"savona-spaccio-ai-giardini-delle-trincee","status":"publish","type":"post","link":"https:\/\/staging.ivg.it\/2012\/12\/savona-spaccio-ai-giardini-delle-trincee\/","title":{"rendered":"Savona, spaccio ai giardini delle Trincee"},"content":{"rendered":"<p><strong>Savona<\/strong>. E&#8217; stato colto in flagranza mentre spacciava marijuana ad un giovanissimo savonese e arrestato dai carabinieri. E&#8217; accaduto ieri sera nei giardini di via delle Trincee a Savona.<\/p>\n<p>Un 30enne originario del Ghana e senza precedenti era intento a cedere lo stupefacente a un ragazzo residente nella citt\u00e0 della Torretta. Ad accorgersi del traffico illecito sono stati i carabinieri in borghese, in servizio in zona per controllare fenomeni di spaccio e di microcriminalit\u00e0 in generale. Di qui sono scattate le manette.<\/p>\n<p>Questa mattina l&#8217;uomo \u00e8 stato processato per direttissima in tribunale a Savona. Il suo arresto \u00e8 stato convalidato, ma non gli \u00e8 stata applicata alcuna misura cautelare. Il trentenne ha poi scelto di patteggiaresei mesi e 1400 euro di multa con la sospensione condizionale della pena.<\/p>\n","protected":false},"excerpt":{"rendered":"<p>Savona. E&#8217; stato colto in flagranza mentre spacciava marijuana ad un giovanissimo savonese e arrestato dai carabinieri. E&#8217; accaduto ieri sera nei giardini di via delle Trincee a Savona. Un 30enne originario del Ghana e senza precedenti era intento a cedere lo stupefacente a un ragazzo residente nella citt\u00e0 della Torretta. Ad accorgersi del traffico [&hellip;]<\/p>\n","protected":false},"author":13744,"featured_media":0,"comment_status":"open","ping_status":"closed","sticky":false,"template":"","format":"standard","meta":{"footnotes":""},"categories":[34],"tags":[228,662,85850,1304],"class_list":["post-230922","post","type-post","status-publish","format-standard","hentry","category-cronaca","tag-carabinieri","tag-droga","tag-savona","tag-spaccio","post_cat_citta-savona"],"amp_validity":null,"amp_enabled":true,"_links":{"self":[{"href":"https:\/\/staging.ivg.it\/ediapi\/wp\/v2\/posts\/230922","targetHints":{"allow":["GET"]}}],"collection":[{"href":"https:\/\/staging.ivg.it\/ediapi\/wp\/v2\/posts"}],"about":[{"href":"https:\/\/staging.ivg.it\/ediapi\/wp\/v2\/types\/post"}],"author":[{"embeddable":true,"href":"https:\/\/staging.ivg.it\/ediapi\/wp\/v2\/users\/13744"}],"replies":[{"embeddable":true,"href":"https:\/\/staging.ivg.it\/ediapi\/wp\/v2\/comments?post=230922"}],"version-history":[{"count":0,"href":"https:\/\/staging.ivg.it\/ediapi\/wp\/v2\/posts\/230922\/revisions"}],"wp:attachment":[{"href":"https:\/\/staging.ivg.it\/ediapi\/wp\/v2\/media?parent=230922"}],"wp:term":[{"taxonomy":"category","embeddable":true,"href":"https:\/\/staging.ivg.it\/ediapi\/wp\/v2\/categories?post=230922"},{"taxonomy":"post_tag","embeddable":true,"href":"https:\/\/staging.ivg.it\/ediapi\/wp\/v2\/tags?post=230922"}],"curies":[{"name":"wp","href":"https:\/\/api.w.org\/{rel}","templated":true}]}}