{"id":230921,"date":"2012-12-07T10:25:33","date_gmt":"2012-12-07T09:25:33","guid":{"rendered":"http:\/\/www.ivg.it\/?p=230921"},"modified":"2012-12-07T15:34:08","modified_gmt":"2012-12-07T14:34:08","slug":"ruba-unauto-al-terminal-del-porto-e-vaga-senza-meta-in-citta-fermato-21enne","status":"publish","type":"post","link":"https:\/\/staging.ivg.it\/2012\/12\/ruba-unauto-al-terminal-del-porto-e-vaga-senza-meta-in-citta-fermato-21enne\/","title":{"rendered":"Ruba un&#8217;auto al terminal del porto e vaga senza meta in citt\u00e0: fermato 21enne"},"content":{"rendered":"<p><strong>Savona<\/strong>. Si aggirava nel terminal auto del porto di Savona con chiss\u00e0 quali pensieri. Fatto sta che, improvvisamente, \u00e8 salito su una delle vetture ferme in attesa di esportazione, l&#8217;ha messa in moto e se n&#8217;\u00e8 andato in giro per la citt\u00e0 senza meta.<\/p>\n<p>La Bmw X5 senza targa su cui viaggiava \u00e8 stata notata dai carabinieri di Savona che lo hanno cos\u00ec seguito per poi fermarlo all&#8217;altezza di via Gramsci. Il ragazzo, un 21enne, \u00e8 apparso piuttosto intontito, come se non si rendesse conto di quello che aveva appena fatto e, senza opporsi, ha seguito i militari dell&#8217;Arma in caserma.<\/p>\n<p>Il ragazzo questa mattina \u00e8 stato processato per direttissima ed \u00e8 stato subito scarcerato su disposizione del giudice. Il processo \u00e8 stato poi rinviato a febbraio. E&#8217; probabile che il legale chieda una perizia psichiatrica per il suo assistito.<\/p>\n","protected":false},"excerpt":{"rendered":"<p>Savona. Si aggirava nel terminal auto del porto di Savona con chiss\u00e0 quali pensieri. Fatto sta che, improvvisamente, \u00e8 salito su una delle vetture ferme in attesa di esportazione, l&#8217;ha messa in moto e se n&#8217;\u00e8 andato in giro per la citt\u00e0 senza meta. La Bmw X5 senza targa su cui viaggiava \u00e8 stata notata [&hellip;]<\/p>\n","protected":false},"author":13744,"featured_media":0,"comment_status":"open","ping_status":"closed","sticky":false,"template":"","format":"standard","meta":{"footnotes":""},"categories":[34],"tags":[228,1034,85850],"class_list":["post-230921","post","type-post","status-publish","format-standard","hentry","category-cronaca","tag-carabinieri","tag-furto","tag-savona","post_cat_citta-savona"],"amp_validity":null,"amp_enabled":true,"_links":{"self":[{"href":"https:\/\/staging.ivg.it\/ediapi\/wp\/v2\/posts\/230921","targetHints":{"allow":["GET"]}}],"collection":[{"href":"https:\/\/staging.ivg.it\/ediapi\/wp\/v2\/posts"}],"about":[{"href":"https:\/\/staging.ivg.it\/ediapi\/wp\/v2\/types\/post"}],"author":[{"embeddable":true,"href":"https:\/\/staging.ivg.it\/ediapi\/wp\/v2\/users\/13744"}],"replies":[{"embeddable":true,"href":"https:\/\/staging.ivg.it\/ediapi\/wp\/v2\/comments?post=230921"}],"version-history":[{"count":0,"href":"https:\/\/staging.ivg.it\/ediapi\/wp\/v2\/posts\/230921\/revisions"}],"wp:attachment":[{"href":"https:\/\/staging.ivg.it\/ediapi\/wp\/v2\/media?parent=230921"}],"wp:term":[{"taxonomy":"category","embeddable":true,"href":"https:\/\/staging.ivg.it\/ediapi\/wp\/v2\/categories?post=230921"},{"taxonomy":"post_tag","embeddable":true,"href":"https:\/\/staging.ivg.it\/ediapi\/wp\/v2\/tags?post=230921"}],"curies":[{"name":"wp","href":"https:\/\/api.w.org\/{rel}","templated":true}]}}