{"id":230919,"date":"2012-12-07T10:01:49","date_gmt":"2012-12-07T09:01:49","guid":{"rendered":"http:\/\/www.ivg.it\/?p=230919"},"modified":"2012-12-07T16:54:23","modified_gmt":"2012-12-07T15:54:23","slug":"albenga-furto-della-carrozzina-elettrica-di-un-pensionato-disabile-ciangherotti-intollerabile","status":"publish","type":"post","link":"https:\/\/staging.ivg.it\/2012\/12\/albenga-furto-della-carrozzina-elettrica-di-un-pensionato-disabile-ciangherotti-intollerabile\/","title":{"rendered":"Albenga, furto della carrozzina elettrica di un pensionato disabile. Ciangherotti: &#8220;Intollerabile&#8221;"},"content":{"rendered":"<p><strong>Albenga.<\/strong> I reati sono di per se stessi odiosi, ma quelli commessi a danno dei pi\u00f9 deboli sono impossibili da tollerare. E&#8217; il caso del furto della carrozzina elettrica di un pensionato disabile che, dopo avere lasciato nell&#8217;androne di casa l&#8217;unico mezzo che gli permette di muoversi liberamente, non ne ha pi\u00f9 trovato traccia.<\/p>\n<p>E&#8217; accaduto ad Albenga, nella notte tra marted\u00ec e mercoled\u00ec, all&#8217;interno del palazzo di via Nazario Sauro in cui vive l&#8217;uomo. La vittima del furto, Dario Ruffinoni, racconta cos\u00ec la sua disavventura: &#8220;Siccome la carrozzina non entra nell&#8217;ascensore sono costretto a lasciarla al piano terra e, poich\u00e8 la stessa \u00e8 provvista di batteria ricaricaribile, la parcheggio nell&#8217;androne del palazzo e la collego alla presa del mio contatore elettrico per la ricarica. Purtroppo l&#8217;altra mattina non l&#8217;ho pi\u00f9 trovata&#8221;.  <\/p>\n<p>L&#8217;uomo, 66 anni e molto conosciuto in citt\u00e0, ha raccontato l&#8217;accaduto all&#8217;assessore ai Servizi sociali, Eraldo Ciangherotti. &#8220;E&#8217; un dramma per lui che, senza quel dispositivo elettrico, rimane prigioniero in casa, soprattutto se si pensa che la carrozzella era stata realizzata su misura da un\u2019azienda specializzata, proprio per adattarla ai suoi problemi di salute &#8211; spiega l&#8217;assessore &#8211; Un gesto di grande incivilt\u00e0 che richiede la nostra vicinanza e solidariet\u00e0 verso la persona vittima di tale abuso, tutti consapevoli che, colpendo Darietto, \u00e8 come se ciascuno di noi fosse stato colpito&#8221;. <\/p>\n<p>&#8220;Ci sono banditi che credono di poter sfidare la collettivit\u00e0, vigliaccamente lontano dagli sguardi della gente, colpendo i pi\u00f9 deboli, convinti che la societ\u00e0 civile debba rimanere in silenzio &#8211; dice ancora Ciangherotti &#8211; Non \u00e8 cos\u00ec e non sar\u00e0 cos\u00ec. Ed \u00e8 per questa ragione che lancio via facebook un appello sentito a tutta la popolazione di Albenga. Condividete questo messaggio sulla vostra bacheca, diamo un segnale di forte fratellanza nei confronti di una persona fragile, affinch\u00e9 nessuno si possa sentire in diritto di calpestare la dignit\u00e0 di Darietto&#8221;. <\/p>\n<p>&#8220;Se, poi, qualcuno nella tarda serata di marted\u00ec scorso avesse registrato qualche faccia o movimento strano in Via Sauro, nei pressi del civico 96, o girando per le vie della citt\u00e0, ritrovasse abbandonata da qualche parte una carrozzella elettrica, avvisateci subito o informate le forze dell\u2019ordine. Darietto, soprattutto in questo momento, merita tutta la nostra amicizia&#8221; conclude l&#8217;assesore ingauno.<\/p>\n","protected":false},"excerpt":{"rendered":"<p>Albenga. I reati sono di per se stessi odiosi, ma quelli commessi a danno dei pi\u00f9 deboli sono impossibili da tollerare. E&#8217; il caso del furto della carrozzina elettrica di un pensionato disabile che, dopo avere lasciato nell&#8217;androne di casa l&#8217;unico mezzo che gli permette di muoversi liberamente, non ne ha pi\u00f9 trovato traccia. E&#8217; [&hellip;]<\/p>\n","protected":false},"author":2620,"featured_media":0,"comment_status":"open","ping_status":"closed","sticky":false,"template":"","format":"standard","meta":{"footnotes":""},"categories":[34],"tags":[85841,39829,1238,1034],"class_list":["post-230919","post","type-post","status-publish","format-standard","hentry","category-cronaca","tag-albenga","tag-dario-ruffinoni","tag-eraldo-ciangherotti","tag-furto","post_cat_citta-albenga"],"amp_validity":null,"amp_enabled":true,"_links":{"self":[{"href":"https:\/\/staging.ivg.it\/ediapi\/wp\/v2\/posts\/230919","targetHints":{"allow":["GET"]}}],"collection":[{"href":"https:\/\/staging.ivg.it\/ediapi\/wp\/v2\/posts"}],"about":[{"href":"https:\/\/staging.ivg.it\/ediapi\/wp\/v2\/types\/post"}],"author":[{"embeddable":true,"href":"https:\/\/staging.ivg.it\/ediapi\/wp\/v2\/users\/2620"}],"replies":[{"embeddable":true,"href":"https:\/\/staging.ivg.it\/ediapi\/wp\/v2\/comments?post=230919"}],"version-history":[{"count":0,"href":"https:\/\/staging.ivg.it\/ediapi\/wp\/v2\/posts\/230919\/revisions"}],"wp:attachment":[{"href":"https:\/\/staging.ivg.it\/ediapi\/wp\/v2\/media?parent=230919"}],"wp:term":[{"taxonomy":"category","embeddable":true,"href":"https:\/\/staging.ivg.it\/ediapi\/wp\/v2\/categories?post=230919"},{"taxonomy":"post_tag","embeddable":true,"href":"https:\/\/staging.ivg.it\/ediapi\/wp\/v2\/tags?post=230919"}],"curies":[{"name":"wp","href":"https:\/\/api.w.org\/{rel}","templated":true}]}}