{"id":230917,"date":"2012-12-07T08:57:08","date_gmt":"2012-12-07T07:57:08","guid":{"rendered":"http:\/\/www.ivg.it\/?p=230917"},"modified":"2012-12-07T16:38:52","modified_gmt":"2012-12-07T15:38:52","slug":"freddo-dalla-groenlandia-e-dallartico-temperature-di-almeno-5-gradi-sotto-la-media","status":"publish","type":"post","link":"https:\/\/staging.ivg.it\/2012\/12\/freddo-dalla-groenlandia-e-dallartico-temperature-di-almeno-5-gradi-sotto-la-media\/","title":{"rendered":"Freddo dalla Groenlandia e dall&#8217;Artico: temperature di almeno 5 gradi sotto la media"},"content":{"rendered":"<p>Il freddo gelido, proveniente dalla Groenlandia e dall&#8217;Artico, \u00e8 alle porte e non lascer\u00e0 l&#8217;Italia prima di una settimana. Tra oggi e domenica le temperature in molte citt\u00e0 del Centro Nord si abbasseranno ulteriormente, anche di 4-5 gradi al di sotto della media. <\/p>\n<p>Secondo gli esperti, tutto il fine settimana sar\u00e0 caratterizzato da un clima estremamente invernale con gelate al Nord, nevicate a bassa quota sulle regioni settentrionali e su quelle centrali, e venti forti che accentueranno ulteriormente la sensazione di freddo. Al sud la far\u00e0 da padrone la pioggia. Alta l&#8217;attenzione anche per mareggiate e vento da oggi pomeriggio, fino a domani mattina. <\/p>\n<p>A sentire gli esperti, ci aspetta quindi un week end dell&#8217;Immacolata tra neve, freddo e pioggia:&#8221;il massimo del gelo si percepir\u00e0 nella giornata di domenica in particolare dalle Marche in su, e sulla Pianura Padana dove le temperature subiranno un calo anche di 5 gradi&#8221; spiega Massimo Pasqui, del Consiglio Nazionale Ricerche. Le regioni pi\u00f9 fredde di tutto lo stivale in questo fine settima, e anche nei prossimi giorni saranno &#8211; secondo Pasqui del Cnr &#8211; &#8220;Emilia Romagna, Marche, Abruzzo, Molise&#8221;, dove ci sar\u00e0 &#8220;il grosso del freddo polare artico, con venti gelidi, e neve anche a bassa quota&#8221;. <\/p>\n<p>Nulla di buono neanche per la prossima settimana, meteorologicamente parlando: &#8220;Al Nord la colonnina di mercurio sar\u00e0 al di sotto della media stagionale almeno fino al 13, mentre al centro il freddo si sentir\u00e0 fino al 12. Al sud, il maltempo si rester\u00e0 almeno fino a marted\u00ec 10&#8221; fanno sapere dal Cnr. <\/p>\n<p>Intanto secondo i calcoli statistici del Meteorologo Simone Abelli di Meteo.it &#8211; Epson Meteo il mese appena passato \u00e8 stato il pi\u00f9 caldo degli ultimi 85 anni e il secondo pi\u00f9 caldo degli ultimi 200 anni dopo l&#8217;autunno del 1926.<\/p>\n","protected":false},"excerpt":{"rendered":"<p>Il freddo gelido, proveniente dalla Groenlandia e dall&#8217;Artico, \u00e8 alle porte e non lascer\u00e0 l&#8217;Italia prima di una settimana. Tra oggi e domenica le temperature in molte citt\u00e0 del Centro Nord si abbasseranno ulteriormente, anche di 4-5 gradi al di sotto della media. Secondo gli esperti, tutto il fine settimana sar\u00e0 caratterizzato da un clima [&hellip;]<\/p>\n","protected":false},"author":13744,"featured_media":0,"comment_status":"open","ping_status":"closed","sticky":false,"template":"","format":"standard","meta":{"footnotes":""},"categories":[56],"tags":[651,652,598],"class_list":["post-230917","post","type-post","status-publish","format-standard","hentry","category-altre","tag-maltempo","tag-meteo","tag-neve","post_cat_citta-andora"],"amp_validity":null,"amp_enabled":true,"_links":{"self":[{"href":"https:\/\/staging.ivg.it\/ediapi\/wp\/v2\/posts\/230917","targetHints":{"allow":["GET"]}}],"collection":[{"href":"https:\/\/staging.ivg.it\/ediapi\/wp\/v2\/posts"}],"about":[{"href":"https:\/\/staging.ivg.it\/ediapi\/wp\/v2\/types\/post"}],"author":[{"embeddable":true,"href":"https:\/\/staging.ivg.it\/ediapi\/wp\/v2\/users\/13744"}],"replies":[{"embeddable":true,"href":"https:\/\/staging.ivg.it\/ediapi\/wp\/v2\/comments?post=230917"}],"version-history":[{"count":0,"href":"https:\/\/staging.ivg.it\/ediapi\/wp\/v2\/posts\/230917\/revisions"}],"wp:attachment":[{"href":"https:\/\/staging.ivg.it\/ediapi\/wp\/v2\/media?parent=230917"}],"wp:term":[{"taxonomy":"category","embeddable":true,"href":"https:\/\/staging.ivg.it\/ediapi\/wp\/v2\/categories?post=230917"},{"taxonomy":"post_tag","embeddable":true,"href":"https:\/\/staging.ivg.it\/ediapi\/wp\/v2\/tags?post=230917"}],"curies":[{"name":"wp","href":"https:\/\/api.w.org\/{rel}","templated":true}]}}