{"id":230903,"date":"2012-12-06T17:51:33","date_gmt":"2012-12-06T16:51:33","guid":{"rendered":"http:\/\/www.ivg.it\/?p=230903"},"modified":"2012-12-06T19:45:23","modified_gmt":"2012-12-06T18:45:23","slug":"savona-bando-e-rassegna-per-la-creativita-giovanile","status":"publish","type":"post","link":"https:\/\/staging.ivg.it\/2012\/12\/savona-bando-e-rassegna-per-la-creativita-giovanile\/","title":{"rendered":"Savona, bando e rassegna per la creativit\u00e0 giovanile"},"content":{"rendered":"<p><strong>Savona.<\/strong> Continua l\u2019attivit\u00e0 dedicata alla creativit\u00e0 giovanile negli spazi dell\u2019Ex Informagiovani di Corso Italia iniziata nel mese di novembre con \u201cInchiostro d\u2019autore: la settimana del fumetto!\u201d e con la mostra \u201cSenza Confini \u201d di giovani artisti cubani. A partire da sabato 8 e fino a sabato 22 dicembre si tiene la rassegna \u201cUna citt\u00e0, un cuore, un sogno\u201d dedicata alla creativit\u00e0 giovanile che prevede numerose attivit\u00e0 ed eventi, tutti ad ingresso gratuito, a cura dell\u2019Assessorato alle Politiche Giovanili. <\/p>\n<p>Dichiara l&#8217;Assessore alle Politiche Giovanili, Eventi, Universit\u00e0 e CED Elisa Di Padova: \u201cIn un momento di oggettiva difficolt\u00e0 economica cerchiamo ancora una volta di dare un megafono alle molteplici attivit\u00e0 e associazioni che coinvolgono il tessuto del nostro territorio, nell\u2019ottica di un Dicembre in attesa delle festivit\u00e0 all\u2019insegna della creativit\u00e0, della sostenibilit\u00e0 e dell\u2019ecologia. L\u2019idea \u00e8 quella dell\u2019\u201dincastro\u201d: dopo il vernissage iniziale di sabato 8 le diverse Associazione porteranno qualcosa di loro, delle loro attivit\u00e0 per la nostra citt\u00e0, nei locali di Corso Italia\u201d.<\/p>\n<p>Il programma inizia sabato 8 dicembre con la mostra \u201cimmateriale\u201d e videoproiezioni delle attivit\u00e0 dell\u2019Associazione culturale True Love, presentata nel mese di settembre al palazzo delle Azzarie del Santuario, che ha riscosso grande successo; verranno anche esposte le cartoline che proprio in quell\u2019occasione i savonesi hanno compilato scrivendo il loro sogno per la nostra citt\u00e0. <\/p>\n<p>Sar\u00e0 a disposizione inoltre il bando \u201cBando di concorso \u201ca m\u2019arcord truelove\u201d per la realizzazione di un progetto artistico-culturale ai confini del territorio comunale\u201d; un\u2019importante opportunit\u00e0 per tutti i giovani che vorranno presentare un progetto da realizzare nella nostra citt\u00e0. C\u2019\u00e8 tempo fino a fine gennaio per candidarsi, un\u2019apposita commissione valuter\u00e0 i bandi e i vincitori verranno presentati pubblicamente. Inoltre l\u2019Amministrazione mette a disposizione fino ad un massimo di 3mila euro per la realizzazione del progetto vincitore, se ritenuto realizzabile.<\/p>\n<p>Il Bando \u00e8 promosso insieme all&#8217;Assessorato al Decentramento e Partecipazione. Dichiara l&#8217;Assessore Sergio Lugaro: \u201cDopo l&#8217;esperienza estiva conclusasi con la mostra al Palazzo delle Azzarie a cura di TrueLove che voleva essere un omaggio a tutte le attivit\u00e0 artistiche promosse dal circolo in questi anni, diamo con questo bando ancora continuit\u00e0 a quanto espresso culturalmente con i pi\u00f9 diversi linguaggi e le differenti forme d&#8217;arte. Da una parte l&#8217;input ci \u00e8 stato dato dal \u201cCollettivo TrueLove\u201d, che ha mostrato di avere una visione artistica al di l\u00e0 dei limiti territoriali liguri, dall&#8217;altra l&#8217;Amministrazione ha trovato la necessit\u00e0 di riqualificare non solo in maniera urbanistica, come avviene puntualmente, ma con una sorta di \u201cinvasione culturale\u201d alcuni spazi urbani periferici e non, meno vissuti o talvolta dimenticati\u201d.<\/p>\n<p>Proseguendo con il programma, Domenica 9 Dicembre sar\u00e0 la volta di Apres la Nuit con laboratori di serigrafia su carta e tessuto. Per partecipare a questo laboratorio occorre iscriversi inviando una mail entro sabato 8 a info@apreslanuit.org.<\/p>\n<p>Gioved\u00ec 13, venerd\u00ec 14 e sabato 15 Dicembre andranno in scena iniziative a cura di Ri-Crea (Centro di riciclaggio creativo) e degli studenti del Liceo Artistico Martini. Gioved\u00ec e sabato Ri-Crea si metter\u00e0 a disposizione di tutti i bambini e ragazzi che vorranno realizzare lanterne, mini presepi e addobbi per l\u2019albero di natale utilizzando materiale di recupero, un modo per sensibilizzare alla raccolta differenziata e ai molti utilizzi che si possono fare di oggetti che nella nostra quotidianit\u00e0 chiamiamo \u201cdi scarto\u201d; venerd\u00ec 14 verr\u00e0 allestito un vero e proprio albero di Natale eco-artistico dagli studenti del Liceo Artistico utilizzando le bottiglie di plastica. Questo progetto nasce da una selezione tra moltissimi bozzetti di alberi ecologici realizzati dagli studenti. Tutti i bozzetti sono visibili grazie alla disponibilit\u00e0 di Banca Carisa in una delle vetrine della Cassa di Risparmio di Savona in Corso Italia.<br \/>\nMarted\u00ec 18 Dicembre il Comitato Find The Cure, impegnato nella cooperazione internazionale, si presenter\u00e0 nel cuore di Savona con proiezioni sull&#8217;attivit\u00e0 del Comitato e si metter\u00e0 a disposizione dei presenti per raccontare le tante missioni e progetti portati a termine e per presentare i diversi programmi di sostegno.<\/p>\n<p>Gioved\u00ec 20 dicembre il Laboratorio audiovisivi \u201cBuster Keaton\u201d del Campus di Savona viene in citt\u00e0 e presenta i video e i progetti realizzati dagli studenti di Scienze della Comunicazione, un modo per far conoscere alla citt\u00e0 alcune delle tante attivit\u00e0 realizzate dal Campus di Savona.<\/p>\n<p>Venerd\u00ec 21 dicembre l\u2019Associazione Dietro Le Quinte presenter\u00e0 video-proiezioni artistiche, mentre Sabato 22 Dicembre torna A m\u2019arcord True Love con un evento finale che richiamer\u00e0 tutte le associazioni che hanno partecipato alla rassegna. Sar\u00e0 l\u2019occasione per conoscersi e per uno scambio degli auguri.<\/p>\n<p>Per tutto il periodo della Rassegna chiunque potr\u00e0 inoltre contribuire con il proprio sogno, compilando le cartoline a disposizione sul \u201cTavolo dei Sogni\u201d appositamente allestito nei locali e potr\u00e0 avere informazioni sul bando del Comune di Savona.<\/p>\n","protected":false},"excerpt":{"rendered":"<p>Savona. Continua l\u2019attivit\u00e0 dedicata alla creativit\u00e0 giovanile negli spazi dell\u2019Ex Informagiovani di Corso Italia iniziata nel mese di novembre con \u201cInchiostro d\u2019autore: la settimana del fumetto!\u201d e con la mostra \u201cSenza Confini \u201d di giovani artisti cubani. A partire da sabato 8 e fino a sabato 22 dicembre si tiene la rassegna \u201cUna citt\u00e0, un [&hellip;]<\/p>\n","protected":false},"author":13744,"featured_media":0,"comment_status":"open","ping_status":"closed","sticky":false,"template":"","format":"standard","meta":{"footnotes":""},"categories":[],"tags":[2563,16624,1245,85850,1174],"class_list":["post-230903","post","type-post","status-publish","format-standard","hentry","tag-bando","tag-elisa-di-padova","tag-giovani","tag-savona","tag-sergio-lugaro","post_cat_citta-andora"],"amp_validity":null,"amp_enabled":true,"_links":{"self":[{"href":"https:\/\/staging.ivg.it\/ediapi\/wp\/v2\/posts\/230903","targetHints":{"allow":["GET"]}}],"collection":[{"href":"https:\/\/staging.ivg.it\/ediapi\/wp\/v2\/posts"}],"about":[{"href":"https:\/\/staging.ivg.it\/ediapi\/wp\/v2\/types\/post"}],"author":[{"embeddable":true,"href":"https:\/\/staging.ivg.it\/ediapi\/wp\/v2\/users\/13744"}],"replies":[{"embeddable":true,"href":"https:\/\/staging.ivg.it\/ediapi\/wp\/v2\/comments?post=230903"}],"version-history":[{"count":0,"href":"https:\/\/staging.ivg.it\/ediapi\/wp\/v2\/posts\/230903\/revisions"}],"wp:attachment":[{"href":"https:\/\/staging.ivg.it\/ediapi\/wp\/v2\/media?parent=230903"}],"wp:term":[{"taxonomy":"category","embeddable":true,"href":"https:\/\/staging.ivg.it\/ediapi\/wp\/v2\/categories?post=230903"},{"taxonomy":"post_tag","embeddable":true,"href":"https:\/\/staging.ivg.it\/ediapi\/wp\/v2\/tags?post=230903"}],"curies":[{"name":"wp","href":"https:\/\/api.w.org\/{rel}","templated":true}]}}