{"id":230759,"date":"2012-12-04T18:14:53","date_gmt":"2012-12-04T17:14:53","guid":{"rendered":"http:\/\/www.ivg.it\/?p=230759"},"modified":"2012-12-05T12:24:24","modified_gmt":"2012-12-05T11:24:24","slug":"concessioni-demaniali-il-sindacato-balneari-la-proroga-di-cinque-anni-non-e-la-soluzione","status":"publish","type":"post","link":"https:\/\/staging.ivg.it\/2012\/12\/concessioni-demaniali-il-sindacato-balneari-la-proroga-di-cinque-anni-non-e-la-soluzione\/","title":{"rendered":"Concessioni demaniali, il Sindacato Balneari: &#8220;La proroga di cinque anni non \u00e8 la soluzione&#8221;"},"content":{"rendered":"<p>La &#8220;mini-proroga&#8221; di cinque anni delle concessioni demaniali stabilita dalle commissioni Bilancio e Industria del Senato non trova il gradimento del Sindacato Italiano Balneari.<\/p>\n<p>&#8220;Riteniamo che l\u2019emendamento approvato oggi dalla X Commissione del Senato, come referente della conversione in legge sulla crescita del Paese, che proroga di 5 anni le attuali concessioni demaniali turistico-ricreative, non \u00e8 la soluzione che le 30.000 imprese balneari italiane si aspettavano e della quale ha bisogno l\u2019economia turistica del nostro Paese &#8211; affermano i portavoce del Sib -. La cosa che sorprende di pi\u00f9 \u00e8 che ancora una volta non si \u00e8 tenuto conto che questa proroga non da fiato alle imprese, n\u00e9 promuove gli investimenti, prosegue la nota&#8221;.<\/p>\n<p>&#8220;Prendiamo atto che non si \u00e8 voluto difendere fino in fondo il sistema turistico italiano &#8211; proseguono -. Sarebbe oltremodo grave e del tutto inaccettabile che il Governo dia seguito all\u2019art. 11 della Comunitaria 2010 procedendo ad emanare una nuova normativa per questo settore senza tenere conto della posizione del Parlamento, delle Regioni, dell\u2019Anci, dell\u2019Upi e delle associazioni di categoria&#8221;.<\/p>\n<p>&#8220;Le oltre 30.000 imprese balneari &#8211; dichiarano gli esponenti del SIB &#8211; sono in stato di agitazione e pronte ad iniziative di protesta qualora il Governo intenda, ancora una volta, penalizzare un settore cruciale per l\u2019economia nazionale ed umiliare la volont\u00e0 politica espressa da Parlamento, Regioni ed enti locali&#8221;.<\/p>\n<p>&#8220;Questo &#8211; sottolineano &#8211; non vuol dire che non siamo fortemente determinati a continuare questa lotta convinti della validit\u00e0 delle nostre ragioni che non sono in contrasto con la normativa europea, n\u00e9 con le esigenze di tutela ambientale, di garanzia della concorrenza e di sviluppo della piccola e media impresa&#8221;.<\/p>\n<p>&#8220;Siamo certi &#8211; concludono &#8211; che la ragionevolezza prevarr\u00e0 dando soddisfazione alle decine di migliaia di famiglie che sono in attesa di una soluzione per poter trascorrere un meritato sereno Natale&#8221;.<\/p>\n","protected":false},"excerpt":{"rendered":"<p>La &#8220;mini-proroga&#8221; di cinque anni delle concessioni demaniali stabilita dalle commissioni Bilancio e Industria del Senato non trova il gradimento del Sindacato Italiano Balneari. &#8220;Riteniamo che l\u2019emendamento approvato oggi dalla X Commissione del Senato, come referente della conversione in legge sulla crescita del Paese, che proroga di 5 anni le attuali concessioni demaniali turistico-ricreative, non [&hellip;]<\/p>\n","protected":false},"author":13744,"featured_media":0,"comment_status":"open","ping_status":"closed","sticky":false,"template":"","format":"standard","meta":{"footnotes":""},"categories":[35],"tags":[17436,13239,8179,6790,9791],"class_list":["post-230759","post","type-post","status-publish","format-standard","hentry","category-economia","tag-balneari","tag-concessioni-demaniali","tag-proroga","tag-sib","tag-spiagge","post_cat_citta-andora"],"amp_validity":null,"amp_enabled":true,"_links":{"self":[{"href":"https:\/\/staging.ivg.it\/ediapi\/wp\/v2\/posts\/230759","targetHints":{"allow":["GET"]}}],"collection":[{"href":"https:\/\/staging.ivg.it\/ediapi\/wp\/v2\/posts"}],"about":[{"href":"https:\/\/staging.ivg.it\/ediapi\/wp\/v2\/types\/post"}],"author":[{"embeddable":true,"href":"https:\/\/staging.ivg.it\/ediapi\/wp\/v2\/users\/13744"}],"replies":[{"embeddable":true,"href":"https:\/\/staging.ivg.it\/ediapi\/wp\/v2\/comments?post=230759"}],"version-history":[{"count":0,"href":"https:\/\/staging.ivg.it\/ediapi\/wp\/v2\/posts\/230759\/revisions"}],"wp:attachment":[{"href":"https:\/\/staging.ivg.it\/ediapi\/wp\/v2\/media?parent=230759"}],"wp:term":[{"taxonomy":"category","embeddable":true,"href":"https:\/\/staging.ivg.it\/ediapi\/wp\/v2\/categories?post=230759"},{"taxonomy":"post_tag","embeddable":true,"href":"https:\/\/staging.ivg.it\/ediapi\/wp\/v2\/tags?post=230759"}],"curies":[{"name":"wp","href":"https:\/\/api.w.org\/{rel}","templated":true}]}}