{"id":230653,"date":"2012-12-03T13:03:05","date_gmt":"2012-12-03T12:03:05","guid":{"rendered":"http:\/\/www.ivg.it\/?p=230653"},"modified":"2012-12-03T13:03:05","modified_gmt":"2012-12-03T12:03:05","slug":"giornata-disabilita-borgo-barusso-festeggia-il-coffee-dream-team-dellistituto-giancardi","status":"publish","type":"post","link":"https:\/\/staging.ivg.it\/2012\/12\/giornata-disabilita-borgo-barusso-festeggia-il-coffee-dream-team-dellistituto-giancardi\/","title":{"rendered":"Giornata disabilit\u00e0: Borgo Barusso festeggia il \u201cCoffee dream team\u201d dell&#8217;Istituto Giancardi"},"content":{"rendered":"<p><strong>Alassio<\/strong>. Borgo Barusso festeggia il \u201cCoffee dream team\u201d del \u201cGiancardi\u201d nella Giornata internazionale delle persone con disabilit\u00e0. Grazie alla collaborazione con la Torrefazione \u201cLa Genovese\u201d e alla disponibilit\u00e0 e sensibilit\u00e0 della famiglia Chelotti, proprietaria del Caff\u00e8 Barusso, che hanno potuto dimostrare le proprie abilit\u00e0 e competenze nell\u2019arte dell\u2019espresso italiano.<\/p>\n<p>Monica, Chiara, Paola, Francesco, Carlotta, Leonardo, Sergio, Serena e Giulia frequentano il corso enogastronomico della Scuola alberghiera e durante l\u2019intero anno scolastico alternano lo studio in classe con la gestione del Bar \u201cSorriso\u201d, a loro riservato. La struttura, dono della fondazione DeMari, \u00e8 il fiore all\u2019occhiello del \u201cGiancardi\u201d: luogo nel quale quotidianamente impegno lavorativo, formazione ed integrazione si materializzano grazie al lavoro di tutto il personale della scuola che collabora affinch\u00e9 venga riconosciuto a tutti il diritto allo studio e al lavoro.<\/p>\n<p>Il \u201cCoffee dream team\u201d, affiancato dallo staff del bar Barusso, a partire dalle ore 10.30, ha fatto degustare la Miscela Qualit\u00e0 Oro de La Genovese, vincitrice della Medaglia d&#8217;Oro per la categoria Espresso, assegnata all\u2019azienda albenganese dall&#8217;International Coffee Tasting. Alle ore 11, alla presenza dell\u2019assessore alle politiche scolastiche, Loretta Zavaroni, \u00e8 stato presentato uno slideshow delle fotografie della raccolta \u201cC\u2019\u00e8 qualcosa di normale a Scuola\u201d di Paolo Tavaroli, realizzato da Mario Rossello.<\/p>\n<p>Il prossimo febbraio la mostra, patrocinata dalla Regione Liguria e dal Centro Sergio Neri, sar\u00e0 visitabile nella sede istituzionale di Piazza De Ferrari. Il progetto \u201cCoffee dream team\u201d \u00e8 promosso dal gruppo de I comunicativi Monica Barbera, Daniele Caminetti, Antonella Annitto e Franco Laureri.<\/p>\n","protected":false},"excerpt":{"rendered":"<p>Alassio. Borgo Barusso festeggia il \u201cCoffee dream team\u201d del \u201cGiancardi\u201d nella Giornata internazionale delle persone con disabilit\u00e0. Grazie alla collaborazione con la Torrefazione \u201cLa Genovese\u201d e alla disponibilit\u00e0 e sensibilit\u00e0 della famiglia Chelotti, proprietaria del Caff\u00e8 Barusso, che hanno potuto dimostrare le proprie abilit\u00e0 e competenze nell\u2019arte dell\u2019espresso italiano. Monica, Chiara, Paola, Francesco, Carlotta, Leonardo, [&hellip;]<\/p>\n","protected":false},"author":13744,"featured_media":0,"comment_status":"open","ping_status":"closed","sticky":false,"template":"","format":"standard","meta":{"footnotes":""},"categories":[56],"tags":[85824,2058,875,29374],"class_list":["post-230653","post","type-post","status-publish","format-standard","hentry","category-altre","tag-alassio","tag-alberghiero","tag-disabilita","tag-istituto-giancardi-alassio","post_cat_citta-alassio"],"amp_validity":null,"amp_enabled":true,"_links":{"self":[{"href":"https:\/\/staging.ivg.it\/ediapi\/wp\/v2\/posts\/230653","targetHints":{"allow":["GET"]}}],"collection":[{"href":"https:\/\/staging.ivg.it\/ediapi\/wp\/v2\/posts"}],"about":[{"href":"https:\/\/staging.ivg.it\/ediapi\/wp\/v2\/types\/post"}],"author":[{"embeddable":true,"href":"https:\/\/staging.ivg.it\/ediapi\/wp\/v2\/users\/13744"}],"replies":[{"embeddable":true,"href":"https:\/\/staging.ivg.it\/ediapi\/wp\/v2\/comments?post=230653"}],"version-history":[{"count":0,"href":"https:\/\/staging.ivg.it\/ediapi\/wp\/v2\/posts\/230653\/revisions"}],"wp:attachment":[{"href":"https:\/\/staging.ivg.it\/ediapi\/wp\/v2\/media?parent=230653"}],"wp:term":[{"taxonomy":"category","embeddable":true,"href":"https:\/\/staging.ivg.it\/ediapi\/wp\/v2\/categories?post=230653"},{"taxonomy":"post_tag","embeddable":true,"href":"https:\/\/staging.ivg.it\/ediapi\/wp\/v2\/tags?post=230653"}],"curies":[{"name":"wp","href":"https:\/\/api.w.org\/{rel}","templated":true}]}}