{"id":230505,"date":"2012-11-30T11:33:33","date_gmt":"2012-11-30T10:33:33","guid":{"rendered":"http:\/\/www.ivg.it\/?p=230505"},"modified":"2012-11-30T18:39:25","modified_gmt":"2012-11-30T17:39:25","slug":"comitati-albenganesi-per-renzi-ciangherotti-lasci-perdere-le-primarie-non-sono-affar-suo","status":"publish","type":"post","link":"https:\/\/staging.ivg.it\/2012\/11\/comitati-albenganesi-per-renzi-ciangherotti-lasci-perdere-le-primarie-non-sono-affar-suo\/","title":{"rendered":"Comitati albenganesi per Renzi: &#8220;Ciangherotti lasci perdere le primarie, non sono affar suo&#8230;&#8221;"},"content":{"rendered":"<p><strong>Albenga.<\/strong> &#8220;Viste le recenti dichiarazioni dell&#8217;assessore Ciangherotti in favore di Matteo Renzi per il ballottaggio di domenica prossima, lo invitiamo pubblicamente a non strumentalizzare in nessun modo questo strumento di partecipazione democratica del centrosinistra, e come referenti dei comitati Matteo Renzi di Albenga, non accettiamo il suo &#8220;peloso&#8221; sostegno, dopo aver visto il successo del primo turno e cos\u00ec millantare un suo presunto peso politico nella competizione\u201d. Queste le dure parole di Vincenzo Mun\u00ec e Alberto Passino, coordinatori dei Comitati Matteo Renzi per Albenga, che replicano alle esternazioni dell&#8217;assessore ingauno in vista dell&#8217;atteso ballottaggio per le primarie del centro sinistra.<\/p>\n<p>\u201cChi ha insultato per mesi, militanti, dirigenti ed elettori del partito Democratico, non pu\u00f2 permettersi oggi di proferire parole in merito. L&#8217;assessore, dopo aver gi\u00e0 dato prova di una discutibile gestione amministrativa, gi\u00e0 sottolineata pubblicamente dal sindaco che gli ha tolto la delega alle politiche giovanili, e dopo l&#8217;incoerenza dimostrata nelle scelte politiche prese nell&#8217;ultimo Consiglio comunale, dovrebbe preoccuparsi delle sue mancanze e lasciar perdere le primarie del centrosinistra\u201d concludono i due renziani.<\/p>\n<p>Cos\u00ec il coordinatore del circolo del ponente Davide Milani: &#8220;L&#8217;assessore Ciangherotti orfano di un meccanismo democratico come le primarie del centro sinistra, sbaglia, quando per incoerenza esprime la volont\u00e0 di votare alle stesse, pensando di condividere le idee di questo schieramento,avendo in questi anni dimostrando l&#8217;esatto opposto soprattutto in relazione alle politiche sociali. Sarebbe opportuno non inquinare un meccanismo di partecipazione con gli appetiti di potere&#8221;.<\/p>\n","protected":false},"excerpt":{"rendered":"<p>Albenga. &#8220;Viste le recenti dichiarazioni dell&#8217;assessore Ciangherotti in favore di Matteo Renzi per il ballottaggio di domenica prossima, lo invitiamo pubblicamente a non strumentalizzare in nessun modo questo strumento di partecipazione democratica del centrosinistra, e come referenti dei comitati Matteo Renzi di Albenga, non accettiamo il suo &#8220;peloso&#8221; sostegno, dopo aver visto il successo del [&hellip;]<\/p>\n","protected":false},"author":13744,"featured_media":0,"comment_status":"open","ping_status":"closed","sticky":false,"template":"","format":"standard","meta":{"footnotes":""},"categories":[31],"tags":[85841,20169,1238,32862,596,542],"class_list":["post-230505","post","type-post","status-publish","format-standard","hentry","category-politica","tag-albenga","tag-alberto-passino","tag-eraldo-ciangherotti","tag-matteo-renzi","tag-partito-democratico","tag-primarie","post_cat_citta-albenga","post_cat_citta-andora"],"amp_validity":null,"amp_enabled":true,"_links":{"self":[{"href":"https:\/\/staging.ivg.it\/ediapi\/wp\/v2\/posts\/230505","targetHints":{"allow":["GET"]}}],"collection":[{"href":"https:\/\/staging.ivg.it\/ediapi\/wp\/v2\/posts"}],"about":[{"href":"https:\/\/staging.ivg.it\/ediapi\/wp\/v2\/types\/post"}],"author":[{"embeddable":true,"href":"https:\/\/staging.ivg.it\/ediapi\/wp\/v2\/users\/13744"}],"replies":[{"embeddable":true,"href":"https:\/\/staging.ivg.it\/ediapi\/wp\/v2\/comments?post=230505"}],"version-history":[{"count":0,"href":"https:\/\/staging.ivg.it\/ediapi\/wp\/v2\/posts\/230505\/revisions"}],"wp:attachment":[{"href":"https:\/\/staging.ivg.it\/ediapi\/wp\/v2\/media?parent=230505"}],"wp:term":[{"taxonomy":"category","embeddable":true,"href":"https:\/\/staging.ivg.it\/ediapi\/wp\/v2\/categories?post=230505"},{"taxonomy":"post_tag","embeddable":true,"href":"https:\/\/staging.ivg.it\/ediapi\/wp\/v2\/tags?post=230505"}],"curies":[{"name":"wp","href":"https:\/\/api.w.org\/{rel}","templated":true}]}}