{"id":230504,"date":"2012-11-30T11:37:50","date_gmt":"2012-11-30T10:37:50","guid":{"rendered":"http:\/\/www.ivg.it\/?p=230504"},"modified":"2012-11-30T11:37:50","modified_gmt":"2012-11-30T10:37:50","slug":"regolamento-edilizio-energetico-albisola-modello-di-eccellenza","status":"publish","type":"post","link":"https:\/\/staging.ivg.it\/2012\/11\/regolamento-edilizio-energetico-albisola-modello-di-eccellenza\/","title":{"rendered":"Regolamento edilizio \u201cenergetico\u201d: Albisola modello di eccellenza"},"content":{"rendered":"<p><strong>Albisola S<\/strong>. Il comune di Albisola Superiore \u00e8 stato scelto per presentare il proprio regolamento edilizio nell&#8217;ambito di &#8220;Green City Energy ONtheSEA, Forum Internazionale sulle energie intelligenti e lo sviluppo sostenibile della citt\u00e0 e del porto&#8221; in corso a Genova presso il Centro Congressi dell\u2019Area Porto Antico di Genova.<\/p>\n<p>Nel pomeriggio di ieri, il Sindaco Franco Orsi ha illustrato alla seconda edizione del Forum internazionale, nell&#8217;ambito di una sessione dedicata alle buone pratiche dei Comuni liguri, le principali novit\u00e0 introdotte dal regolamento edilizio albisolese relativamente agli aspetti energetici degli edifici.<\/p>\n<p>\u201cDal 2010, anno in cui sono state introdotte le innovative norme, ad oggi, il nostro regolamento \u00e8 ancora il pi\u00f9 avanzato in ambito energetico-ambientale\u201d, ha commentato che, davanti ad una platea composta da funzionari della UE, del Ministero dello Sviluppo Economico e di quello dell&#8217;Ambiente nonch\u00e9 da molti amministratori comunali, ha posto l\u2019accento soprattutto sulla performance energetica degli edifici, introdotta imponendo la classe A per gli edifici e l&#8217;integrazione delle rinnovabili con la prescrizione di installare almeno 1kW elettrico ad unit\u00e0 abitativa. La revisione del regolamento in corso manterr\u00e0 gli elevati livelli prestazionali gi\u00e0 introdotti nel 2010.<\/p>\n","protected":false},"excerpt":{"rendered":"<p>Albisola S. Il comune di Albisola Superiore \u00e8 stato scelto per presentare il proprio regolamento edilizio nell&#8217;ambito di &#8220;Green City Energy ONtheSEA, Forum Internazionale sulle energie intelligenti e lo sviluppo sostenibile della citt\u00e0 e del porto&#8221; in corso a Genova presso il Centro Congressi dell\u2019Area Porto Antico di Genova. Nel pomeriggio di ieri, il Sindaco [&hellip;]<\/p>\n","protected":false},"author":13744,"featured_media":0,"comment_status":"open","ping_status":"closed","sticky":false,"template":"","format":"standard","meta":{"footnotes":""},"categories":[],"tags":[432,1595],"class_list":["post-230504","post","type-post","status-publish","format-standard","hentry","tag-albisola","tag-orsi","post_cat_citta-albisola-superiore"],"amp_validity":null,"amp_enabled":true,"_links":{"self":[{"href":"https:\/\/staging.ivg.it\/ediapi\/wp\/v2\/posts\/230504","targetHints":{"allow":["GET"]}}],"collection":[{"href":"https:\/\/staging.ivg.it\/ediapi\/wp\/v2\/posts"}],"about":[{"href":"https:\/\/staging.ivg.it\/ediapi\/wp\/v2\/types\/post"}],"author":[{"embeddable":true,"href":"https:\/\/staging.ivg.it\/ediapi\/wp\/v2\/users\/13744"}],"replies":[{"embeddable":true,"href":"https:\/\/staging.ivg.it\/ediapi\/wp\/v2\/comments?post=230504"}],"version-history":[{"count":0,"href":"https:\/\/staging.ivg.it\/ediapi\/wp\/v2\/posts\/230504\/revisions"}],"wp:attachment":[{"href":"https:\/\/staging.ivg.it\/ediapi\/wp\/v2\/media?parent=230504"}],"wp:term":[{"taxonomy":"category","embeddable":true,"href":"https:\/\/staging.ivg.it\/ediapi\/wp\/v2\/categories?post=230504"},{"taxonomy":"post_tag","embeddable":true,"href":"https:\/\/staging.ivg.it\/ediapi\/wp\/v2\/tags?post=230504"}],"curies":[{"name":"wp","href":"https:\/\/api.w.org\/{rel}","templated":true}]}}