{"id":230349,"date":"2012-11-27T17:49:29","date_gmt":"2012-11-27T16:49:29","guid":{"rendered":"http:\/\/www.ivg.it\/?p=230349"},"modified":"2012-11-27T17:49:29","modified_gmt":"2012-11-27T16:49:29","slug":"savona-parcheggio-piazza-del-popolo-utilizzo-pro-vacanze-natalizie","status":"publish","type":"post","link":"https:\/\/staging.ivg.it\/2012\/11\/savona-parcheggio-piazza-del-popolo-utilizzo-pro-vacanze-natalizie\/","title":{"rendered":"Savona, parcheggio piazza del Popolo: utilizzo pro-vacanze natalizie"},"content":{"rendered":"<p><strong>Savona.<\/strong> Il Comune di Savona, con deliberazione di giunta del 20 novembre scorso, ha ufficializzato anche per quest&#8217;anno l&#8217;accordo con la Societ\u00e0 Binario Blu S.r.l. inerente l&#8217;utilizzo del parcheggio sterrato di piazza del Popolo. <\/p>\n<p>Tale area di sosta, normalmente gestita da ATA S.p.A. nelle giornate di luned\u00ec per via della presenza del mercato, sar\u00e0 disponibile continuativamente dal primo dicembre al 10 gennaio per favorire la sosta degli utenti in occasione delle festivit\u00e0 natalizie. L&#8217;iniziativa \u00e8 volta altres\u00ec a promuovere e facilitare gli acquisti presso gli esercizi commerciali del centro citt\u00e0.  <\/p>\n","protected":false},"excerpt":{"rendered":"<p>Savona. Il Comune di Savona, con deliberazione di giunta del 20 novembre scorso, ha ufficializzato anche per quest&#8217;anno l&#8217;accordo con la Societ\u00e0 Binario Blu S.r.l. inerente l&#8217;utilizzo del parcheggio sterrato di piazza del Popolo. Tale area di sosta, normalmente gestita da ATA S.p.A. nelle giornate di luned\u00ec per via della presenza del mercato, sar\u00e0 disponibile [&hellip;]<\/p>\n","protected":false},"author":13744,"featured_media":0,"comment_status":"open","ping_status":"closed","sticky":false,"template":"","format":"standard","meta":{"footnotes":""},"categories":[56],"tags":[2909,85850],"class_list":["post-230349","post","type-post","status-publish","format-standard","hentry","category-altre","tag-parcheggio","tag-savona","post_cat_citta-savona"],"amp_validity":null,"amp_enabled":true,"_links":{"self":[{"href":"https:\/\/staging.ivg.it\/ediapi\/wp\/v2\/posts\/230349","targetHints":{"allow":["GET"]}}],"collection":[{"href":"https:\/\/staging.ivg.it\/ediapi\/wp\/v2\/posts"}],"about":[{"href":"https:\/\/staging.ivg.it\/ediapi\/wp\/v2\/types\/post"}],"author":[{"embeddable":true,"href":"https:\/\/staging.ivg.it\/ediapi\/wp\/v2\/users\/13744"}],"replies":[{"embeddable":true,"href":"https:\/\/staging.ivg.it\/ediapi\/wp\/v2\/comments?post=230349"}],"version-history":[{"count":0,"href":"https:\/\/staging.ivg.it\/ediapi\/wp\/v2\/posts\/230349\/revisions"}],"wp:attachment":[{"href":"https:\/\/staging.ivg.it\/ediapi\/wp\/v2\/media?parent=230349"}],"wp:term":[{"taxonomy":"category","embeddable":true,"href":"https:\/\/staging.ivg.it\/ediapi\/wp\/v2\/categories?post=230349"},{"taxonomy":"post_tag","embeddable":true,"href":"https:\/\/staging.ivg.it\/ediapi\/wp\/v2\/tags?post=230349"}],"curies":[{"name":"wp","href":"https:\/\/api.w.org\/{rel}","templated":true}]}}