{"id":230321,"date":"2012-11-27T18:34:15","date_gmt":"2012-11-27T17:34:15","guid":{"rendered":"http:\/\/www.ivg.it\/?p=230321"},"modified":"2012-11-28T12:51:27","modified_gmt":"2012-11-28T11:51:27","slug":"apicella-su-natale-e-crisi","status":"publish","type":"post","link":"https:\/\/staging.ivg.it\/2012\/11\/apicella-su-natale-e-crisi\/","title":{"rendered":"Savona, commercio e turismo: Natale sottotono per la crisi. L&#8217;assessore Apicella: &#8220;Per gli eventi faremo il possibile&#8221;"},"content":{"rendered":"<p><strong>Savona.<\/strong> &#8220;Questa crisi impedisce di avere risorse &#8216;superflue&#8217; da investire, e dunque \u00e8 comprensibile che i commercianti, che si fanno carico di addobbi e luminarie natalizi, ci pensino due volte prima di spendere. Il Comune, da questo punto di vista, ha le mani legate, non solo per la mancanza di fondi, ma anche perch\u00e9 per noi investire su una zona piuttosto che in un&#8217;altra non sarebbe corretto; dovremmo semmai investire in tutta la citt\u00e0, e non \u00e8 possibile. Non so quanto il Natale sar\u00e0 sottotono quest&#8217;anno, per\u00f2 so che una crisi del genere non si ricorda a memoria d&#8217;uomo&#8221;. Lo ha detto questa mattina l&#8217;assessore comunale al turismo e commercio Paolo Apicella in vista delle imminenti festivit\u00e0 natalizie.<\/p>\n<p>&#8220;Sulle manifestazioni terremo duro con gli impegni presi, cercheremo di garantire ci\u00f2 che abbiamo proposto negli anni passati: stiamo applicando un&#8221;amministrazione creativa&#8217; insieme agli assessori Lugaro e Di Padova, per cui, con l&#8217;aiuto di privati, sponsor e una gestione oculata, proveremo ad assicurare un pacchetto di iniziative che possano fornire la migliore attrattiva possibile per Savona durante le feste di Natale&#8221;.<\/p>\n","protected":false},"excerpt":{"rendered":"<p>Savona. &#8220;Questa crisi impedisce di avere risorse &#8216;superflue&#8217; da investire, e dunque \u00e8 comprensibile che i commercianti, che si fanno carico di addobbi e luminarie natalizi, ci pensino due volte prima di spendere. Il Comune, da questo punto di vista, ha le mani legate, non solo per la mancanza di fondi, ma anche perch\u00e9 per [&hellip;]<\/p>\n","protected":false},"author":13744,"featured_media":0,"comment_status":"open","ping_status":"closed","sticky":false,"template":"","format":"standard","meta":{"footnotes":""},"categories":[],"tags":[1072,595,2791,16312,85850],"class_list":["post-230321","post","type-post","status-publish","format-standard","hentry","tag-commercio","tag-crisi","tag-natale","tag-paolo-apicella","tag-savona","post_cat_citta-andora","post_cat_citta-savona"],"amp_validity":null,"amp_enabled":true,"_links":{"self":[{"href":"https:\/\/staging.ivg.it\/ediapi\/wp\/v2\/posts\/230321","targetHints":{"allow":["GET"]}}],"collection":[{"href":"https:\/\/staging.ivg.it\/ediapi\/wp\/v2\/posts"}],"about":[{"href":"https:\/\/staging.ivg.it\/ediapi\/wp\/v2\/types\/post"}],"author":[{"embeddable":true,"href":"https:\/\/staging.ivg.it\/ediapi\/wp\/v2\/users\/13744"}],"replies":[{"embeddable":true,"href":"https:\/\/staging.ivg.it\/ediapi\/wp\/v2\/comments?post=230321"}],"version-history":[{"count":0,"href":"https:\/\/staging.ivg.it\/ediapi\/wp\/v2\/posts\/230321\/revisions"}],"wp:attachment":[{"href":"https:\/\/staging.ivg.it\/ediapi\/wp\/v2\/media?parent=230321"}],"wp:term":[{"taxonomy":"category","embeddable":true,"href":"https:\/\/staging.ivg.it\/ediapi\/wp\/v2\/categories?post=230321"},{"taxonomy":"post_tag","embeddable":true,"href":"https:\/\/staging.ivg.it\/ediapi\/wp\/v2\/tags?post=230321"}],"curies":[{"name":"wp","href":"https:\/\/api.w.org\/{rel}","templated":true}]}}