{"id":230044,"date":"2012-11-22T11:25:34","date_gmt":"2012-11-22T10:25:34","guid":{"rendered":"http:\/\/www.ivg.it\/?p=230044"},"modified":"2012-11-22T11:25:34","modified_gmt":"2012-11-22T10:25:34","slug":"finale-il-progetto-piaggio-allesame-del-consiglio-comunale-la-seduta-sara-aperta-a-tutti-e-ospitata-nello-stabilimento","status":"publish","type":"post","link":"https:\/\/staging.ivg.it\/2012\/11\/finale-il-progetto-piaggio-allesame-del-consiglio-comunale-la-seduta-sara-aperta-a-tutti-e-ospitata-nello-stabilimento\/","title":{"rendered":"Finale, il Progetto Piaggio all&#8217;esame del Consiglio Comunale: la seduta sar\u00e0 aperta a tutti e ospitata nello stabilimento"},"content":{"rendered":"<p><strong>Finale L. <\/strong>Si svolger\u00e0 luned\u00ec 26 novembre presso la sala mensa dello stabilimento Piaggio Aero Industries e sar\u00e0 aperta a tutti i cittadini interessati. La seduta del Consiglio Comunale di Finale, che inizier\u00e0 alle 19, sar\u00e0 quindi aperta ed accessibile a tutti coloro che vorranno assistere ai lavori del consiglio.<\/p>\n<p>Il primo punto all&#8217;ordine del giorno sar\u00e0 proprio sulle aree Piaggio e sulla relativa &#8220;Proposta di variante al PUO approvato in data 08\/08\/2008 tramite conferenza dei servizi preliminare ai sensi dell&#8217;art. 14 bis della L. 241\/90&#8221;.<\/p>\n","protected":false},"excerpt":{"rendered":"<p>Finale L. Si svolger\u00e0 luned\u00ec 26 novembre presso la sala mensa dello stabilimento Piaggio Aero Industries e sar\u00e0 aperta a tutti i cittadini interessati. La seduta del Consiglio Comunale di Finale, che inizier\u00e0 alle 19, sar\u00e0 quindi aperta ed accessibile a tutti coloro che vorranno assistere ai lavori del consiglio. Il primo punto all&#8217;ordine del [&hellip;]<\/p>\n","protected":false},"author":13744,"featured_media":0,"comment_status":"open","ping_status":"closed","sticky":false,"template":"","format":"standard","meta":{"footnotes":""},"categories":[34],"tags":[209,1132,42314],"class_list":["post-230044","post","type-post","status-publish","format-standard","hentry","category-cronaca","tag-finale","tag-piaggio","tag-progetto-piaggio","post_cat_citta-finale-ligure"],"amp_validity":null,"amp_enabled":true,"_links":{"self":[{"href":"https:\/\/staging.ivg.it\/ediapi\/wp\/v2\/posts\/230044","targetHints":{"allow":["GET"]}}],"collection":[{"href":"https:\/\/staging.ivg.it\/ediapi\/wp\/v2\/posts"}],"about":[{"href":"https:\/\/staging.ivg.it\/ediapi\/wp\/v2\/types\/post"}],"author":[{"embeddable":true,"href":"https:\/\/staging.ivg.it\/ediapi\/wp\/v2\/users\/13744"}],"replies":[{"embeddable":true,"href":"https:\/\/staging.ivg.it\/ediapi\/wp\/v2\/comments?post=230044"}],"version-history":[{"count":0,"href":"https:\/\/staging.ivg.it\/ediapi\/wp\/v2\/posts\/230044\/revisions"}],"wp:attachment":[{"href":"https:\/\/staging.ivg.it\/ediapi\/wp\/v2\/media?parent=230044"}],"wp:term":[{"taxonomy":"category","embeddable":true,"href":"https:\/\/staging.ivg.it\/ediapi\/wp\/v2\/categories?post=230044"},{"taxonomy":"post_tag","embeddable":true,"href":"https:\/\/staging.ivg.it\/ediapi\/wp\/v2\/tags?post=230044"}],"curies":[{"name":"wp","href":"https:\/\/api.w.org\/{rel}","templated":true}]}}